{"id":1979,"date":"2022-04-05T10:01:47","date_gmt":"2022-04-05T10:01:47","guid":{"rendered":"https:\/\/blog.germigarden.com\/?p=1979"},"modified":"2022-04-05T10:04:26","modified_gmt":"2022-04-05T10:04:26","slug":"gerani-antimosquits","status":"publish","type":"post","link":"https:\/\/blog.germigarden.com\/ca\/jardineria-ca\/gerani-antimosquits\/","title":{"rendered":"Gerani antimosquits: la millor soluci\u00f3 per aquest estiu"},"content":{"rendered":"\n<p>El <strong><a href=\"https:\/\/www.germigarden.com\/ca\/comprar-geranis\/550010213-gerani-antimosquits.html\">gerani antimosquits<\/a><\/strong> \u00e9s un tipus de gerani molt olor\u00f3s que s&#8217;utilitza per repel\u00b7lir els mosquits. Resulta una planta d&#8217;exterior ideal per tenir a la terrassa o al jard\u00ed per espantar, no nom\u00e9s mosquits, sin\u00f3 tamb\u00e9 altres insectes gr\u00e0cies a la seva olor de llimona.<\/p>\n\n\n\n<div class=\"wp-block-image\"><figure class=\"aligncenter size-large is-resized\"><a href=\"https:\/\/www.germigarden.com\/ca\/comprar-geranis\/550010213-gerani-antimosquits.html\"><img decoding=\"async\" src=\"https:\/\/blog.germigarden.com\/wp-content\/uploads\/2022\/02\/geranio-antimosquitos-1024x576.jpg\" alt=\"\" class=\"wp-image-1395\" width=\"768\" height=\"432\" srcset=\"https:\/\/blog.germigarden.com\/wp-content\/uploads\/2022\/02\/geranio-antimosquitos-980x551.jpg 980w, https:\/\/blog.germigarden.com\/wp-content\/uploads\/2022\/02\/geranio-antimosquitos-480x270.jpg 480w\" sizes=\"(min-width: 0px) and (max-width: 480px) 480px, (min-width: 481px) and (max-width: 980px) 980px, 100vw\" \/><\/a><figcaption><em><em><a href=\"https:\/\/www.germigarden.com\/ca\/geranis-per-a-test\/550010213-gerani-antimosquits.html\"><strong>Comprar gerani antimosquits<\/strong><\/a><\/em><\/em><\/figcaption><\/figure><\/div>\n\n\n\n<p>Per comen\u00e7ar, el gerani antimosquits pot ser de l&#8217;esp\u00e8cie <em>Pelargonium Graveolens<\/em> o &nbsp;<em>Pelargonium Citronella<\/em>. Com et vam dir a <strong><a href=\"https:\/\/blog.germigarden.com\/ca\/jardineria-ca\/geranis-una-seleccio-de-les-varietats-mes-habituals\/\">l&#8217;article de tipus de geranis<\/a><\/strong>, s\u00f3n una gran fam\u00edlia amb moltes esp\u00e8cies diferents. Tant el <em>Pelargonium Graveolens<\/em> com el<em> Citronella<\/em> tenen aquesta olor de llimona tan distintiva. Es caracteritzen per estar molt ben adaptades al nostre clima. Tot i aix\u00f2, els geranis antimosquits s\u00f3n una esp\u00e8cie nativa de Sud-\u00e0frica.<\/p>\n\n\n\n<p>El gerani antimosquits es caracteritza per ser <strong>resistent a la calor<\/strong>, per\u00f2 ternir una resist\u00e8ncia mitjana al fred sobretot si hi ha gelades. Recomanem plantar-lo en test gran o directament a terra perqu\u00e8 \u00e9s una varietat que ens creixer\u00e0 bastant i ocupar\u00e0 un bonic espai al teu jard\u00ed. \u00c9s una varietat de gerani que t\u00e9 for\u00e7a longevitat, ens podr\u00e0 durar <strong>m\u00e9s de tres o quatre anys<\/strong>. Gr\u00e0cies al seu tronc m\u00e9s lleny\u00f3s que altres geranis, aquest mantindr\u00e0 un port erecte i s&#8217;anir\u00e0 arrodonint en forma de bola amb les fulles. Aquestes s\u00f3n d&#8217;un color verd clar i s\u00f3n les encarregades de l&#8217;olor caracter\u00edstica del gerani antimosquits. Les flors del gerani antimosquits acostumen a apar\u00e8ixer a partir de finals d&#8217;hivern i ens aguantaran fins a mitjans d&#8217;estiu a algunes ubicacions. Fa unes <strong>flors de color rosa violeta<\/strong>, una mica semblants a les del <strong><a href=\"https:\/\/www.germigarden.com\/ca\/comprar-geranis\/550030402-gerani-randy.html\">gerani randy<\/a><\/strong> de qu\u00e8 parlem al bloc anteriorment.<\/p>\n\n\n\n<div class=\"wp-block-image\"><figure class=\"aligncenter size-large is-resized\"><a href=\"https:\/\/www.germigarden.com\/ca\/comprar-geranis\/550010213-gerani-antimosquits.html\"><img decoding=\"async\" src=\"https:\/\/blog.germigarden.com\/wp-content\/uploads\/2022\/03\/1648054356166-1024x576.jpg\" alt=\"\" class=\"wp-image-1940\" width=\"512\" height=\"288\"\/><\/a><figcaption><em>Pelargonium Citronella, fulla m\u00e9s dentada i m\u00e9s petita.<\/em><\/figcaption><\/figure><\/div>\n\n\n\n<h3 class=\"wp-block-heading\"><strong>Per qu\u00e8 \u00e9s repel\u00b7lent dels mosquits?<\/strong><\/h3>\n\n\n\n<p>El gerani antimosquits repel\u00b7leix a insectes a causa de la seva <strong>olor forta que recorda la llimona<\/strong>. Popularment, tamb\u00e9 se&#8217;n diu <strong>gerani llimona o citronel\u00b7la<\/strong>. Aquesta varietat de gerani despr\u00e8n uns olis anomenats citronelol i geraniol. El citronelol tamb\u00e9 el trobem en una altra planta famosa per ser repel\u00b7lent de mosquits, la citronel\u00b7la. La seva pres\u00e8ncia fa que els mosquits i alguns insectes se n&#8217;hagin d&#8217;anar perqu\u00e8 aquests dos components s\u00f3n molt bons antibacterians i fungicides.<\/p>\n\n\n\n<h3 class=\"wp-block-heading\"><strong>Quins insectes repel\u00b7leix el gerani antimosquits?<\/strong><\/h3>\n\n\n\n<p>Com \u00e9s d&#8217;esperar, aquest gerani \u00e9s <strong>repel\u00b7lent dels mosquits<\/strong>, per\u00f2 com veur\u00e0s tamb\u00e9 et pot servir per a alguns insectes m\u00e9s. Insectes com les mosques, les puces i les formigues tamb\u00e9 poden ser afectades per l&#8217;olor dels geranis antimosquits. L&#8217;olor del gerani antimosquits, a banda de ser agradable per als humans, tamb\u00e9 far\u00e0 que alguns insectes beneficiosos siguin atrets de manera que \u00e9s probable que ajudi que el teu jard\u00ed sigui un espai amb molta m\u00e9s vida.<\/p>\n\n\n\n<div class=\"wp-block-image\"><figure class=\"aligncenter size-large is-resized\"><a href=\"https:\/\/www.germigarden.com\/ca\/comprar-geranis\/550010213-gerani-antimosquits.html\"><img decoding=\"async\" src=\"https:\/\/blog.germigarden.com\/wp-content\/uploads\/2022\/03\/erik-karits-XiYo6XE0Cvg-unsplash-1024x683.jpg\" alt=\"\" class=\"wp-image-1937\" width=\"512\" height=\"342\"\/><\/a><\/figure><\/div>\n\n\n\n<h3 class=\"wp-block-heading\"><strong>Com tenir cura dels geranis antimosquits?<\/strong><\/h3>\n\n\n\n<p>Per al manteniment del gerani antimosquits no ens hem de preocupar gaire. En primer lloc, com hem dit \u00e9s molt resistent a la calor i, per tant, a la sequera. \u00c9s un tipus de gerani que \u00fanicament haurem de regar <strong>un cop cada setmana o dues setmanes<\/strong> en funci\u00f3 de la nostra localitzaci\u00f3 i a l&#8217;estiu pujarem aquest reg cada 4-5 dies en funci\u00f3 del clima. En segon punt, com que \u00e9s un gerani que <strong>repel\u00b7leix els insectes<\/strong> i, a part, t\u00e9 olis essencials que actuen com a fungicida t\u00e9 molt <strong>pocs problemes de plagues<\/strong>. Gr\u00e0cies a aix\u00f2 podem dir que pr\u00e0cticament no t\u00e9 afectaci\u00f3 pel cuc del gerani.<\/p>\n\n\n\n<p>Com has pogut veure el gerani antimosquits \u00e9s <strong>ideal per a un jard\u00ed<\/strong> on tinguem plantes d&#8217;exterior, ja que els podem combinar i evitar plagues. Sens dubte, una manera ideal de mantenir el teu jard\u00ed amb vida. Si vols <strong><a href=\"https:\/\/www.germigarden.com\/ca\/comprar-geranis\/550010213-gerani-antimosquits.html\">comprar gerani antimosquits<\/a><\/strong>, consulta la nostra web online GermiGarden i si tens dubtes deixa-les als comentaris.<\/p>\n","protected":false},"excerpt":{"rendered":"<p>El gerani antimosquits \u00e9s un tipus de gerani molt olor\u00f3s que s&#8217;utilitza per repel\u00b7lir els mosquits. Resulta una planta d&#8217;exterior ideal per tenir a la terrassa o al jard\u00ed per espantar, no nom\u00e9s mosquits, sin\u00f3 tamb\u00e9 altres insectes gr\u00e0cies a la seva olor de llimona. Per comen\u00e7ar, el gerani antimosquits pot ser de l&#8217;esp\u00e8cie Pelargonium [&hellip;]<\/p>\n","protected":false},"author":2,"featured_media":1395,"comment_status":"open","ping_status":"open","sticky":false,"template":"","format":"standard","meta":{"_et_pb_use_builder":"","_et_pb_old_content":"","_et_gb_content_width":"","footnotes":""},"categories":[43,44],"tags":[157,105,155,220,156,160,139],"class_list":["post-1979","post","type-post","status-publish","format-standard","has-post-thumbnail","hentry","category-jardineria-ca","category-planta-exterior-ca","tag-antimosquits","tag-ecologia-ca","tag-gerani","tag-gerani-antimosquits","tag-geranis","tag-planta-de-temporada-2","tag-primavera-2"],"yoast_head":"<!-- This site is optimized with the Yoast SEO plugin v20.5 - https:\/\/yoast.com\/wordpress\/plugins\/seo\/ -->\n<title>Gerani antimosquits: la millor soluci\u00f3 per aquest estiu - GermiGarden<\/title>\n<meta name=\"robots\" content=\"index, follow, max-snippet:-1, max-image-preview:large, max-video-preview:-1\" \/>\n<link rel=\"canonical\" href=\"https:\/\/blog.germigarden.com\/ca\/jardineria-ca\/gerani-antimosquits\/\" \/>\n<meta property=\"og:locale\" content=\"ca_ES\" \/>\n<meta property=\"og:type\" content=\"article\" \/>\n<meta property=\"og:title\" content=\"Gerani antimosquits: la millor soluci\u00f3 per aquest estiu - GermiGarden\" \/>\n<meta property=\"og:description\" content=\"El gerani antimosquits \u00e9s un tipus de gerani molt olor\u00f3s que s&#8217;utilitza per repel\u00b7lir els mosquits. Resulta una planta d&#8217;exterior ideal per tenir a la terrassa o al jard\u00ed per espantar, no nom\u00e9s mosquits, sin\u00f3 tamb\u00e9 altres insectes gr\u00e0cies a la seva olor de llimona. Per comen\u00e7ar, el gerani antimosquits pot ser de l&#8217;esp\u00e8cie Pelargonium [&hellip;]\" \/>\n<meta property=\"og:url\" content=\"https:\/\/blog.germigarden.com\/ca\/jardineria-ca\/gerani-antimosquits\/\" \/>\n<meta property=\"og:site_name\" content=\"Germigarden | Blog\" \/>\n<meta property=\"article:publisher\" content=\"https:\/\/www.instagram.com\/germigarden\/?hl=es\" \/>\n<meta property=\"article:published_time\" content=\"2022-04-05T10:01:47+00:00\" \/>\n<meta property=\"article:modified_time\" content=\"2022-04-05T10:04:26+00:00\" \/>\n<meta property=\"og:image\" content=\"https:\/\/blog.germigarden.com\/wp-content\/uploads\/2022\/02\/geranio-antimosquitos-scaled.jpg\" \/>\n\t<meta property=\"og:image:width\" content=\"2560\" \/>\n\t<meta property=\"og:image:height\" content=\"1440\" \/>\n\t<meta property=\"og:image:type\" content=\"image\/jpeg\" \/>\n<meta name=\"author\" content=\"GermiGarden\" \/>\n<meta name=\"twitter:card\" content=\"summary_large_image\" \/>\n<meta name=\"twitter:label1\" content=\"Escrit per\" \/>\n\t<meta name=\"twitter:data1\" content=\"GermiGarden\" \/>\n\t<meta name=\"twitter:label2\" content=\"Temps estimat de lectura\" \/>\n\t<meta name=\"twitter:data2\" content=\"3 minuts\" \/>\n<script type=\"application\/ld+json\" class=\"yoast-schema-graph\">{\"@context\":\"https:\/\/schema.org\",\"@graph\":[{\"@type\":\"Article\",\"@id\":\"https:\/\/blog.germigarden.com\/ca\/jardineria-ca\/gerani-antimosquits\/#article\",\"isPartOf\":{\"@id\":\"https:\/\/blog.germigarden.com\/ca\/jardineria-ca\/gerani-antimosquits\/\"},\"author\":{\"name\":\"GermiGarden\",\"@id\":\"https:\/\/blog.germigarden.com\/ca\/#\/schema\/person\/686f50a524e2347177e6b2cd3e7a827f\"},\"headline\":\"Gerani antimosquits: la millor soluci\u00f3 per aquest estiu\",\"datePublished\":\"2022-04-05T10:01:47+00:00\",\"dateModified\":\"2022-04-05T10:04:26+00:00\",\"mainEntityOfPage\":{\"@id\":\"https:\/\/blog.germigarden.com\/ca\/jardineria-ca\/gerani-antimosquits\/\"},\"wordCount\":658,\"commentCount\":0,\"publisher\":{\"@id\":\"https:\/\/blog.germigarden.com\/ca\/#organization\"},\"keywords\":[\"Antimosquits\",\"Ecolog\u00eda\",\"Gerani\",\"Gerani antimosquits\",\"Geranis\",\"Planta de temporada\",\"Primavera\"],\"articleSection\":[\"Jardineria\",\"Planta d'exterior\"],\"inLanguage\":\"ca\",\"potentialAction\":[{\"@type\":\"CommentAction\",\"name\":\"Comment\",\"target\":[\"https:\/\/blog.germigarden.com\/ca\/jardineria-ca\/gerani-antimosquits\/#respond\"]}]},{\"@type\":\"WebPage\",\"@id\":\"https:\/\/blog.germigarden.com\/ca\/jardineria-ca\/gerani-antimosquits\/\",\"url\":\"https:\/\/blog.germigarden.com\/ca\/jardineria-ca\/gerani-antimosquits\/\",\"name\":\"Gerani antimosquits: la millor soluci\u00f3 per aquest estiu - GermiGarden\",\"isPartOf\":{\"@id\":\"https:\/\/blog.germigarden.com\/ca\/#website\"},\"datePublished\":\"2022-04-05T10:01:47+00:00\",\"dateModified\":\"2022-04-05T10:04:26+00:00\",\"breadcrumb\":{\"@id\":\"https:\/\/blog.germigarden.com\/ca\/jardineria-ca\/gerani-antimosquits\/#breadcrumb\"},\"inLanguage\":\"ca\",\"potentialAction\":[{\"@type\":\"ReadAction\",\"target\":[\"https:\/\/blog.germigarden.com\/ca\/jardineria-ca\/gerani-antimosquits\/\"]}]},{\"@type\":\"BreadcrumbList\",\"@id\":\"https:\/\/blog.germigarden.com\/ca\/jardineria-ca\/gerani-antimosquits\/#breadcrumb\",\"itemListElement\":[{\"@type\":\"ListItem\",\"position\":1,\"name\":\"Portada\",\"item\":\"https:\/\/blog.germigarden.com\/ca\/\"},{\"@type\":\"ListItem\",\"position\":2,\"name\":\"Gerani antimosquits: la millor soluci\u00f3 per aquest estiu\"}]},{\"@type\":\"WebSite\",\"@id\":\"https:\/\/blog.germigarden.com\/ca\/#website\",\"url\":\"https:\/\/blog.germigarden.com\/ca\/\",\"name\":\"Blog de GermiGarden\",\"description\":\"El blog de tu garden online\",\"publisher\":{\"@id\":\"https:\/\/blog.germigarden.com\/ca\/#organization\"},\"potentialAction\":[{\"@type\":\"SearchAction\",\"target\":{\"@type\":\"EntryPoint\",\"urlTemplate\":\"https:\/\/blog.germigarden.com\/ca\/?s={search_term_string}\"},\"query-input\":\"required name=search_term_string\"}],\"inLanguage\":\"ca\"},{\"@type\":\"Organization\",\"@id\":\"https:\/\/blog.germigarden.com\/ca\/#organization\",\"name\":\"Blog de GermiGarden\",\"url\":\"https:\/\/blog.germigarden.com\/ca\/\",\"logo\":{\"@type\":\"ImageObject\",\"inLanguage\":\"ca\",\"@id\":\"https:\/\/blog.germigarden.com\/ca\/#\/schema\/logo\/image\/\",\"url\":\"https:\/\/blog.germigarden.com\/wp-content\/uploads\/2022\/04\/germigarden.png\",\"contentUrl\":\"https:\/\/blog.germigarden.com\/wp-content\/uploads\/2022\/04\/germigarden.png\",\"width\":252,\"height\":116,\"caption\":\"Blog de GermiGarden\"},\"image\":{\"@id\":\"https:\/\/blog.germigarden.com\/ca\/#\/schema\/logo\/image\/\"},\"sameAs\":[\"https:\/\/www.instagram.com\/germigarden\/?hl=es\",\"https:\/\/www.youtube.com\/channel\/UCZNxfjmIpZZFt1XYLH7vEOQ\"]},{\"@type\":\"Person\",\"@id\":\"https:\/\/blog.germigarden.com\/ca\/#\/schema\/person\/686f50a524e2347177e6b2cd3e7a827f\",\"name\":\"GermiGarden\",\"image\":{\"@type\":\"ImageObject\",\"inLanguage\":\"ca\",\"@id\":\"https:\/\/blog.germigarden.com\/ca\/#\/schema\/person\/image\/\",\"url\":\"https:\/\/secure.gravatar.com\/avatar\/a626aaa87d3e70ba460907a2ed89f656431172f7f0219bb6ba18a8866fdfa5a3?s=96&d=mm&r=g\",\"contentUrl\":\"https:\/\/secure.gravatar.com\/avatar\/a626aaa87d3e70ba460907a2ed89f656431172f7f0219bb6ba18a8866fdfa5a3?s=96&d=mm&r=g\",\"caption\":\"GermiGarden\"},\"sameAs\":[\"https:\/\/blog.germigarden.com\/\"]}]}<\/script>\n<!-- \/ Yoast SEO plugin. -->","yoast_head_json":{"title":"Gerani antimosquits: la millor soluci\u00f3 per aquest estiu - GermiGarden","robots":{"index":"index","follow":"follow","max-snippet":"max-snippet:-1","max-image-preview":"max-image-preview:large","max-video-preview":"max-video-preview:-1"},"canonical":"https:\/\/blog.germigarden.com\/ca\/jardineria-ca\/gerani-antimosquits\/","og_locale":"ca_ES","og_type":"article","og_title":"Gerani antimosquits: la millor soluci\u00f3 per aquest estiu - GermiGarden","og_description":"El gerani antimosquits \u00e9s un tipus de gerani molt olor\u00f3s que s&#8217;utilitza per repel\u00b7lir els mosquits. Resulta una planta d&#8217;exterior ideal per tenir a la terrassa o al jard\u00ed per espantar, no nom\u00e9s mosquits, sin\u00f3 tamb\u00e9 altres insectes gr\u00e0cies a la seva olor de llimona. Per comen\u00e7ar, el gerani antimosquits pot ser de l&#8217;esp\u00e8cie Pelargonium [&hellip;]","og_url":"https:\/\/blog.germigarden.com\/ca\/jardineria-ca\/gerani-antimosquits\/","og_site_name":"Germigarden | Blog","article_publisher":"https:\/\/www.instagram.com\/germigarden\/?hl=es","article_published_time":"2022-04-05T10:01:47+00:00","article_modified_time":"2022-04-05T10:04:26+00:00","og_image":[{"width":2560,"height":1440,"url":"https:\/\/blog.germigarden.com\/wp-content\/uploads\/2022\/02\/geranio-antimosquitos-scaled.jpg","type":"image\/jpeg"}],"author":"GermiGarden","twitter_card":"summary_large_image","twitter_misc":{"Escrit per":"GermiGarden","Temps estimat de lectura":"3 minuts"},"schema":{"@context":"https:\/\/schema.org","@graph":[{"@type":"Article","@id":"https:\/\/blog.germigarden.com\/ca\/jardineria-ca\/gerani-antimosquits\/#article","isPartOf":{"@id":"https:\/\/blog.germigarden.com\/ca\/jardineria-ca\/gerani-antimosquits\/"},"author":{"name":"GermiGarden","@id":"https:\/\/blog.germigarden.com\/ca\/#\/schema\/person\/686f50a524e2347177e6b2cd3e7a827f"},"headline":"Gerani antimosquits: la millor soluci\u00f3 per aquest estiu","datePublished":"2022-04-05T10:01:47+00:00","dateModified":"2022-04-05T10:04:26+00:00","mainEntityOfPage":{"@id":"https:\/\/blog.germigarden.com\/ca\/jardineria-ca\/gerani-antimosquits\/"},"wordCount":658,"commentCount":0,"publisher":{"@id":"https:\/\/blog.germigarden.com\/ca\/#organization"},"keywords":["Antimosquits","Ecolog\u00eda","Gerani","Gerani antimosquits","Geranis","Planta de temporada","Primavera"],"articleSection":["Jardineria","Planta d'exterior"],"inLanguage":"ca","potentialAction":[{"@type":"CommentAction","name":"Comment","target":["https:\/\/blog.germigarden.com\/ca\/jardineria-ca\/gerani-antimosquits\/#respond"]}]},{"@type":"WebPage","@id":"https:\/\/blog.germigarden.com\/ca\/jardineria-ca\/gerani-antimosquits\/","url":"https:\/\/blog.germigarden.com\/ca\/jardineria-ca\/gerani-antimosquits\/","name":"Gerani antimosquits: la millor soluci\u00f3 per aquest estiu - GermiGarden","isPartOf":{"@id":"https:\/\/blog.germigarden.com\/ca\/#website"},"datePublished":"2022-04-05T10:01:47+00:00","dateModified":"2022-04-05T10:04:26+00:00","breadcrumb":{"@id":"https:\/\/blog.germigarden.com\/ca\/jardineria-ca\/gerani-antimosquits\/#breadcrumb"},"inLanguage":"ca","potentialAction":[{"@type":"ReadAction","target":["https:\/\/blog.germigarden.com\/ca\/jardineria-ca\/gerani-antimosquits\/"]}]},{"@type":"BreadcrumbList","@id":"https:\/\/blog.germigarden.com\/ca\/jardineria-ca\/gerani-antimosquits\/#breadcrumb","itemListElement":[{"@type":"ListItem","position":1,"name":"Portada","item":"https:\/\/blog.germigarden.com\/ca\/"},{"@type":"ListItem","position":2,"name":"Gerani antimosquits: la millor soluci\u00f3 per aquest estiu"}]},{"@type":"WebSite","@id":"https:\/\/blog.germigarden.com\/ca\/#website","url":"https:\/\/blog.germigarden.com\/ca\/","name":"Blog de GermiGarden","description":"El blog de tu garden online","publisher":{"@id":"https:\/\/blog.germigarden.com\/ca\/#organization"},"potentialAction":[{"@type":"SearchAction","target":{"@type":"EntryPoint","urlTemplate":"https:\/\/blog.germigarden.com\/ca\/?s={search_term_string}"},"query-input":"required name=search_term_string"}],"inLanguage":"ca"},{"@type":"Organization","@id":"https:\/\/blog.germigarden.com\/ca\/#organization","name":"Blog de GermiGarden","url":"https:\/\/blog.germigarden.com\/ca\/","logo":{"@type":"ImageObject","inLanguage":"ca","@id":"https:\/\/blog.germigarden.com\/ca\/#\/schema\/logo\/image\/","url":"https:\/\/blog.germigarden.com\/wp-content\/uploads\/2022\/04\/germigarden.png","contentUrl":"https:\/\/blog.germigarden.com\/wp-content\/uploads\/2022\/04\/germigarden.png","width":252,"height":116,"caption":"Blog de GermiGarden"},"image":{"@id":"https:\/\/blog.germigarden.com\/ca\/#\/schema\/logo\/image\/"},"sameAs":["https:\/\/www.instagram.com\/germigarden\/?hl=es","https:\/\/www.youtube.com\/channel\/UCZNxfjmIpZZFt1XYLH7vEOQ"]},{"@type":"Person","@id":"https:\/\/blog.germigarden.com\/ca\/#\/schema\/person\/686f50a524e2347177e6b2cd3e7a827f","name":"GermiGarden","image":{"@type":"ImageObject","inLanguage":"ca","@id":"https:\/\/blog.germigarden.com\/ca\/#\/schema\/person\/image\/","url":"https:\/\/secure.gravatar.com\/avatar\/a626aaa87d3e70ba460907a2ed89f656431172f7f0219bb6ba18a8866fdfa5a3?s=96&d=mm&r=g","contentUrl":"https:\/\/secure.gravatar.com\/avatar\/a626aaa87d3e70ba460907a2ed89f656431172f7f0219bb6ba18a8866fdfa5a3?s=96&d=mm&r=g","caption":"GermiGarden"},"sameAs":["https:\/\/blog.germigarden.com\/"]}]}},"_links":{"self":[{"href":"https:\/\/blog.germigarden.com\/ca\/wp-json\/wp\/v2\/posts\/1979","targetHints":{"allow":["GET"]}}],"collection":[{"href":"https:\/\/blog.germigarden.com\/ca\/wp-json\/wp\/v2\/posts"}],"about":[{"href":"https:\/\/blog.germigarden.com\/ca\/wp-json\/wp\/v2\/types\/post"}],"author":[{"embeddable":true,"href":"https:\/\/blog.germigarden.com\/ca\/wp-json\/wp\/v2\/users\/2"}],"replies":[{"embeddable":true,"href":"https:\/\/blog.germigarden.com\/ca\/wp-json\/wp\/v2\/comments?post=1979"}],"version-history":[{"count":7,"href":"https:\/\/blog.germigarden.com\/ca\/wp-json\/wp\/v2\/posts\/1979\/revisions"}],"predecessor-version":[{"id":2478,"href":"https:\/\/blog.germigarden.com\/ca\/wp-json\/wp\/v2\/posts\/1979\/revisions\/2478"}],"wp:featuredmedia":[{"embeddable":true,"href":"https:\/\/blog.germigarden.com\/ca\/wp-json\/wp\/v2\/media\/1395"}],"wp:attachment":[{"href":"https:\/\/blog.germigarden.com\/ca\/wp-json\/wp\/v2\/media?parent=1979"}],"wp:term":[{"taxonomy":"category","embeddable":true,"href":"https:\/\/blog.germigarden.com\/ca\/wp-json\/wp\/v2\/categories?post=1979"},{"taxonomy":"post_tag","embeddable":true,"href":"https:\/\/blog.germigarden.com\/ca\/wp-json\/wp\/v2\/tags?post=1979"}],"curies":[{"name":"wp","href":"https:\/\/api.w.org\/{rel}","templated":true}]}}