{"id":3144,"date":"2022-05-16T10:00:07","date_gmt":"2022-05-16T08:00:07","guid":{"rendered":"https:\/\/blog.germigarden.com\/?p=3144"},"modified":"2022-05-13T15:14:15","modified_gmt":"2022-05-13T13:14:15","slug":"plantes-mel%c2%b7liferes-que-atrauen-les-abelles","status":"publish","type":"post","link":"https:\/\/blog.germigarden.com\/ca\/jardineria-ca\/plantes-mel%c2%b7liferes-que-atrauen-les-abelles\/","title":{"rendered":"Plantes mel\u00b7l\u00edferes que atrauen les abelles"},"content":{"rendered":"\n<p>Les plantes mel\u00b7l\u00edferes s\u00f3n aquelles plantes que tenen una gran relaci\u00f3 amb la producci\u00f3 de mel gr\u00e0cies a la seva atracci\u00f3 per les abelles i la qualitat de la mel.<\/p>\n\n\n\n<h3 class=\"wp-block-heading\">La import\u00e0ncia de les abelles al m\u00f3n de la jardineria<\/h3>\n\n\n\n<p><em>Si les abelles desapareguessin del planeta, als humans ens quedarien \u00fanicament quatre anys de vida. <\/em>Aquesta frase reflecteix clarament la import\u00e0ncia d&#8217;aquests insectes. Per celebrar el Dia Mundial de les Abelles us portem un article sobre plantes amb les que es fa mel i les preferides tant per a les abelles com per als apicultors.<\/p>\n\n\n\n<div class=\"wp-block-image is-style-default\"><figure class=\"aligncenter size-large is-resized\"><img decoding=\"async\" src=\"https:\/\/blog.germigarden.com\/wp-content\/uploads\/2022\/05\/flash-dantz-WWOLincoSrE-unsplash-horiz-1024x759.jpg\" alt=\"plantes mel\u00b7l\u00edferes borratja\" class=\"wp-image-3058\" width=\"768\" height=\"569\"\/><\/figure><\/div>\n\n\n\n<p>Les abelles formen part d&#8217;un grup d&#8217;insectes anomenats ant\u00f2fils. Es caracteritzen per ser insectes socials o semisocials, \u00e9s a dir que formen ruscs d&#8217;abelles. Dins de les abelles, existeix l&#8217;esp\u00e8cie europea (Apis mellifera) que \u00e9s la que tenim al nostre pa\u00eds, i se&#8217;n diu comunament abella dom\u00e8stica. Aquests insectes alats tenen un cos petit cobert per uns p\u00e8ls de color negre i groguenc. Els serveix per advertir als seus depredadors que son perillosos. Pel que fa a la seva morfologia, un tret caracter\u00edstic de les abelles \u00e9s que algunes tenen, a la part abdominal, uns compartiments que els permeten poder emmagatzemar el n\u00e8ctar i portar-lo als ruscs.<\/p>\n\n\n\n<h3 class=\"wp-block-heading\">Quina funci\u00f3 tenen les abelles al m\u00f3n de les plantes?<\/h3>\n\n\n\n<p>Les abelles, igual que molts altres insectes, formen part del cicle reproductiu de les plantes. S\u00f3n b\u00e0sicament els encarregats que hi hagi una bona pol\u00b7linitzaci\u00f3.<\/p>\n\n\n\n<p>Per resumir-ho, les plantes solen tenir una reproducci\u00f3 sexual; de manera que necessiten una part masculina i una altra de femenina. La gran majoria de plantes s\u00f3n hermafrodites, \u00e9s a dir, que tenen la part masculina (els estams amb el pol\u00b7len) i la part femenina (el pistil). El pol\u00b7len ha de viatjar des de l&#8217;estam d&#8217;una flor al pistil d&#8217;una altra. En molts casos les plantes s&#8217;autofecunden perqu\u00e8 el vent s&#8217;encarrega de fer el proc\u00e9s de pol\u00b7linitzaci\u00f3. En alguns casos, el vent no \u00e9s suficient, per tant, necessiten els insectes. De fet, moltes plantes actualment serien incapa\u00e7os de reproduir-se si no fos per les tasques dels insectes. <\/p>\n\n\n\n<p>Les abelles s&#8217;introdueixen a l&#8217;interior de les flors per obtenir el n\u00e8ctar de les flors esmentades. En el moment que entren a la flor, els estams s\u00f3n moguts per l&#8217;insecte i en moure&#8217;s alliberen el pol\u00b7len. L&#8217;abella queda impregnada de pol\u00b7len. Un pol\u00b7len que quan l&#8217;abella vagi a una altra flor entrar\u00e0 en contacte amb el pistil de les altres flors, fent aix\u00ed possible la reproducci\u00f3 de les plantes. A mesura que han evolucionat, cada planta ha anat adquirint estrat\u00e8gies per tenir una millor pol\u00b7linitzaci\u00f3. Algunes fent flors m\u00e9s vistoses, d&#8217;altres amb aromes m\u00e9s atraients, d&#8217;altres amb m\u00e9s quantitat de n\u00e8ctar&#8230; De manera que veurem diferents plantes i maneres d&#8217;arribar al mateix objectiu, reproduir-se.<\/p>\n\n\n\n<div class=\"wp-block-image is-style-default\"><figure class=\"aligncenter is-resized\"><img decoding=\"async\" src=\"https:\/\/blog.germigarden.com\/wp-content\/uploads\/2022\/05\/bianca-ackermann-mTNVvQvmoKs-unsplash2-768x1024.jpg\" alt=\"plantes mel\u00b7l\u00edferes\" class=\"wp-image-3092\" width=\"384\" height=\"512\"\/><\/figure><\/div>\n\n\n\n<p><strong>Aleshores, per qu\u00e8 s\u00f3n tan importants les abelles per als humans?<\/strong> Doncs b\u00e9, m\u00e9s del 70% de la dieta mediterr\u00e0nia prov\u00e9 directa o indirectament de les plantes. No nom\u00e9s les fruites i verdures, tamb\u00e9 molts cereals, i pinsos que despr\u00e9s menjaran els animals com les vaques, els porcs o les gallines. Per aix\u00f2, d&#8217;una manera o altra, les abelles s\u00f3n indispensables per a la vida humana.<\/p>\n\n\n\n<h3 class=\"wp-block-heading\">Tipus de plantes mel\u00b7l\u00edferes que atrauen les abelles<\/h3>\n\n\n\n<p>Les <a href=\"https:\/\/www.germigarden.com\/ca\/92-exterior\">plantes que atrauen m\u00e9s les abelles<\/a> son la borratja, el marduix, tamb\u00e9 l&#8217;esp\u00edgol. Les plantes amb qu\u00e8 es fa mel se&#8217;l hi diu plantes mel\u00b7l\u00edferes. Criden molt l&#8217;atenci\u00f3 de les abelles ja sigui per la seva olor, o les seves flors. Et deixem una llista de les plantes mel\u00b7l\u00edferes m\u00e9s comunes:<\/p>\n\n\n\n<figure class=\"wp-block-gallery has-nested-images columns-4 is-cropped wp-block-gallery-1 is-layout-flex wp-block-gallery-is-layout-flex\">\n<figure class=\"wp-block-image size-large is-style-default\"><a href=\"https:\/\/www.germigarden.com\/ca\/espigol\/556010011-espigol.html\"><img decoding=\"async\" width=\"2560\" height=\"2560\" data-id=\"3067\" src=\"https:\/\/blog.germigarden.com\/wp-content\/uploads\/2022\/05\/loic-mermilliod-Ks9u12mESaQ-unsplash1x1-scaled.jpg\" alt=\"plantes mel\u00b7l\u00edferes esp\u00edgol\" class=\"wp-image-3067\" srcset=\"https:\/\/blog.germigarden.com\/wp-content\/uploads\/2022\/05\/loic-mermilliod-Ks9u12mESaQ-unsplash1x1-scaled.jpg 2560w, https:\/\/blog.germigarden.com\/wp-content\/uploads\/2022\/05\/loic-mermilliod-Ks9u12mESaQ-unsplash1x1-1280x1280.jpg 1280w, https:\/\/blog.germigarden.com\/wp-content\/uploads\/2022\/05\/loic-mermilliod-Ks9u12mESaQ-unsplash1x1-980x980.jpg 980w, https:\/\/blog.germigarden.com\/wp-content\/uploads\/2022\/05\/loic-mermilliod-Ks9u12mESaQ-unsplash1x1-480x480.jpg 480w\" sizes=\"(min-width: 0px) and (max-width: 480px) 480px, (min-width: 481px) and (max-width: 980px) 980px, (min-width: 981px) and (max-width: 1280px) 1280px, (min-width: 1281px) 2560px, 100vw\" \/><\/a><figcaption>Esp\u00edgol<\/figcaption><\/figure>\n\n\n\n<figure class=\"wp-block-image size-large is-style-default\"><a href=\"https:\/\/www.germigarden.com\/ca\/altres-plantes-de-temporada-amb-flor\/1050501742-girasol-ornamental.html\"><img decoding=\"async\" width=\"800\" height=\"800\" data-id=\"3070\" src=\"https:\/\/blog.germigarden.com\/wp-content\/uploads\/2022\/05\/morais-G-bQlVMt1H8-unsplash1.jpg\" alt=\"\" class=\"wp-image-3070\"\/><\/a><figcaption>Gira-sol<\/figcaption><\/figure>\n\n\n\n<figure class=\"wp-block-image size-large is-style-default\"><a href=\"https:\/\/www.germigarden.com\/ca\/salvia\/556010058-comprar-salvia.html\"><img decoding=\"async\" width=\"800\" height=\"800\" data-id=\"3073\" src=\"https:\/\/blog.germigarden.com\/wp-content\/uploads\/2022\/05\/salvia-4262870_19201x1.jpg\" alt=\"plantes mel\u00b7l\u00edferes s\u00e0lvia\" class=\"wp-image-3073\"\/><\/a><figcaption>S\u00e0lvia<\/figcaption><\/figure>\n\n\n\n<figure class=\"wp-block-image size-large is-style-default\"><a href=\"https:\/\/www.germigarden.com\/ca\/1203-geranis-per-a-test\"><img decoding=\"async\" width=\"800\" height=\"800\" data-id=\"3079\" src=\"https:\/\/blog.germigarden.com\/wp-content\/uploads\/2022\/05\/bee-4863424_19201.jpg\" alt=\"Plantas mel\u00edferas\" class=\"wp-image-3079\"\/><\/a><figcaption>Gerani<\/figcaption><\/figure>\n\n\n\n<figure class=\"wp-block-image size-large is-style-default\"><a href=\"https:\/\/www.germigarden.com\/ca\/arbustiva\/550020120-ginesta.html\"><img decoding=\"async\" width=\"1200\" height=\"1200\" data-id=\"3082\" src=\"https:\/\/blog.germigarden.com\/wp-content\/uploads\/2022\/05\/bumblebee-3418516_19201.jpg\" alt=\"Plantas mel\u00edferas\" class=\"wp-image-3082\" srcset=\"https:\/\/blog.germigarden.com\/wp-content\/uploads\/2022\/05\/bumblebee-3418516_19201.jpg 1200w, https:\/\/blog.germigarden.com\/wp-content\/uploads\/2022\/05\/bumblebee-3418516_19201-980x980.jpg 980w, https:\/\/blog.germigarden.com\/wp-content\/uploads\/2022\/05\/bumblebee-3418516_19201-480x480.jpg 480w\" sizes=\"(min-width: 0px) and (max-width: 480px) 480px, (min-width: 481px) and (max-width: 980px) 980px, (min-width: 981px) 1200px, 100vw\" \/><\/a><figcaption>Ginesta<\/figcaption><\/figure>\n\n\n\n<figure class=\"wp-block-image size-large is-style-default\"><a href=\"https:\/\/www.germigarden.com\/ca\/margarides\/550010214-comprar-paludosum.html\"><img decoding=\"async\" width=\"800\" height=\"800\" data-id=\"3085\" src=\"https:\/\/blog.germigarden.com\/wp-content\/uploads\/2022\/05\/christos-gavriel-xg2DXbP8qao-unsplash1x1.jpg\" alt=\"plantes mel\u00b7l\u00edferes margarida\" class=\"wp-image-3085\"\/><\/a><figcaption>Margarida<\/figcaption><\/figure>\n\n\n\n<figure class=\"wp-block-image size-large is-style-default\"><img decoding=\"async\" width=\"800\" height=\"800\" data-id=\"3088\" src=\"https:\/\/blog.germigarden.com\/wp-content\/uploads\/2022\/05\/flash-dantz-WWOLincoSrE-unsplash1x1.jpg\" alt=\"Plantas mel\u00edferas\" class=\"wp-image-3088\"\/><figcaption>Borratja<\/figcaption><\/figure>\n\n\n\n<figure class=\"wp-block-image size-large is-style-default\"><a href=\"https:\/\/www.germigarden.com\/ca\/rosers\/1050500760-roser-grandiflora-en-bossa.html\"><img decoding=\"async\" width=\"2560\" height=\"2560\" data-id=\"3064\" src=\"https:\/\/blog.germigarden.com\/wp-content\/uploads\/2022\/05\/justin-docanto-495jq4shUoA-unsplash1-scaled.jpg\" alt=\"plantes mel\u00b7l\u00edferes roser\" class=\"wp-image-3064\" srcset=\"https:\/\/blog.germigarden.com\/wp-content\/uploads\/2022\/05\/justin-docanto-495jq4shUoA-unsplash1-scaled.jpg 2560w, https:\/\/blog.germigarden.com\/wp-content\/uploads\/2022\/05\/justin-docanto-495jq4shUoA-unsplash1-1280x1280.jpg 1280w, https:\/\/blog.germigarden.com\/wp-content\/uploads\/2022\/05\/justin-docanto-495jq4shUoA-unsplash1-980x980.jpg 980w, https:\/\/blog.germigarden.com\/wp-content\/uploads\/2022\/05\/justin-docanto-495jq4shUoA-unsplash1-480x480.jpg 480w\" sizes=\"(min-width: 0px) and (max-width: 480px) 480px, (min-width: 481px) and (max-width: 980px) 980px, (min-width: 981px) and (max-width: 1280px) 1280px, (min-width: 1281px) 2560px, 100vw\" \/><\/a><figcaption>Roser<\/figcaption><\/figure>\n<\/figure>\n\n\n\n<div class=\"wp-block-buttons is-content-justification-center is-layout-flex wp-container-core-buttons-is-layout-5590e8cb wp-block-buttons-is-layout-flex\">\n<div class=\"wp-block-button has-custom-font-size is-style-outline has-small-font-size is-style-outline--2\"><a class=\"wp-block-button__link\" href=\"https:\/\/www.germigarden.com\/ca\/comprar-marduix\/556010028-marduix.html\">Marduix<\/a><\/div>\n\n\n\n<div class=\"wp-block-button has-custom-font-size is-style-outline has-small-font-size is-style-outline--3\"><a class=\"wp-block-button__link\" href=\"https:\/\/www.germigarden.com\/ca\/espigol\/556010011-espigol.html\">Esp\u00edgol<\/a><\/div>\n\n\n\n<div class=\"wp-block-button has-custom-font-size is-style-outline has-small-font-size is-style-outline--4\"><a class=\"wp-block-button__link\" href=\"https:\/\/www.germigarden.com\/ca\/farigola\/556010016-comprar-farigola.html\">Farigoles<\/a><\/div>\n\n\n\n<div class=\"wp-block-button has-custom-font-size is-style-outline has-small-font-size is-style-outline--5\"><a class=\"wp-block-button__link\" href=\"https:\/\/www.germigarden.com\/ca\/romani\/556010041-romani-alt.html\">Roman\u00ed<\/a><\/div>\n\n\n\n<div class=\"wp-block-button has-custom-font-size is-style-outline has-small-font-size is-style-outline--6\"><a class=\"wp-block-button__link\">Borratja<\/a><\/div>\n\n\n\n<div class=\"wp-block-button has-custom-font-size is-style-outline has-small-font-size is-style-outline--7\"><a class=\"wp-block-button__link\" href=\"https:\/\/www.germigarden.com\/ca\/altres-plantes-de-temporada-amb-flor\/550010061-comprar-boixac.html\">Cal\u00e8ndula<\/a><\/div>\n\n\n\n<div class=\"wp-block-button has-custom-font-size is-style-outline has-small-font-size is-style-outline--8\"><a class=\"wp-block-button__link\" href=\"https:\/\/www.germigarden.com\/ca\/altres-plantes-de-temporada-amb-flor\/1050501742-girasol-ornamental.html\">Gira-sol<\/a><\/div>\n\n\n\n<div class=\"wp-block-button has-custom-font-size is-style-outline has-small-font-size is-style-outline--9\"><a class=\"wp-block-button__link\" href=\"https:\/\/www.germigarden.com\/ca\/margarides\/550010214-comprar-paludosum.html\">Margarida<\/a><\/div>\n\n\n\n<div class=\"wp-block-button has-custom-font-size is-style-outline has-small-font-size is-style-outline--10\"><a class=\"wp-block-button__link\" href=\"https:\/\/www.germigarden.com\/ca\/comprarplantes\/1050501903-castanyer-25cm-de-diametre.html\">Castanyer<\/a><\/div>\n\n\n\n<div class=\"wp-block-button has-custom-font-size is-style-outline has-small-font-size is-style-outline--11\"><a class=\"wp-block-button__link\" href=\"https:\/\/www.germigarden.com\/ca\/506-citrics\">Taronjer<\/a><\/div>\n\n\n\n<div class=\"wp-block-button has-custom-font-size is-style-outline has-small-font-size is-style-outline--12\"><a class=\"wp-block-button__link\" href=\"https:\/\/www.germigarden.com\/es\/plantas-aromaticas-culinarias-y-medicinales\/1050503047-taraxacum-officinale-maceta-13-cm-o.html?search_query=diente+de+leon&amp;results=2\">Dent de lle\u00f3<\/a><\/div>\n\n\n\n<div class=\"wp-block-button has-custom-font-size is-style-outline has-small-font-size is-style-outline--13\"><a class=\"wp-block-button__link\" href=\"https:\/\/www.germigarden.com\/ca\/arbustiva\/550020120-ginesta.html\">Ginesta<\/a><\/div>\n\n\n\n<div class=\"wp-block-button has-custom-font-size is-style-outline has-small-font-size is-style-outline--14\"><a class=\"wp-block-button__link\" href=\"https:\/\/www.germigarden.com\/ca\/arbustiva\/1050502952-mimosa.html\">Mimoses<\/a><\/div>\n\n\n\n<div class=\"wp-block-button has-custom-font-size is-style-outline has-small-font-size is-style-outline--15\"><a class=\"wp-block-button__link\" href=\"https:\/\/www.germigarden.com\/ca\/rosers\/1050500760-roser-grandiflora-en-bossa.html\">Roser<\/a><\/div>\n\n\n\n<div class=\"wp-block-button has-custom-font-size is-style-outline has-small-font-size is-style-outline--16\"><a class=\"wp-block-button__link\" href=\"https:\/\/www.germigarden.com\/ca\/salvia\/556010058-comprar-salvia.html\">S\u00e0lvia<\/a><\/div>\n\n\n\n<div class=\"wp-block-button has-custom-font-size is-style-outline has-small-font-size is-style-outline--17\"><a class=\"wp-block-button__link\" href=\"https:\/\/www.germigarden.com\/ca\/1203-geranis-per-a-test\">Gerani<\/a><\/div>\n<\/div>\n\n\n\n<p>Totes aquestes plantes que hem pogut veure s\u00f3n plantes que atrauen i que en molts casos es fa mel amb elles. Potser les mels m\u00e9s famoses s\u00f3n les mil flors que solen ser variades de plantes aut\u00f2ctones de la zona. Tamb\u00e9 hi ha mels \u00fanicament de roman\u00ed, de s\u00e0lvia, de dent de lle\u00f3, taronger i castanyer. Podr\u00e0s trobar totes aquestes plantes a la <a href=\"https:\/\/www.germigarden.com\/ca\/\">botiga de Germigarden<\/a>. Esperem que aquest article t&#8217;hagi servit per aprendre m\u00e9s sobre abelles, plantes mel\u00b7l\u00edferes i la pol\u00b7linitzaci\u00f3.<\/p>\n","protected":false},"excerpt":{"rendered":"<p>Les plantes mel\u00b7l\u00edferes s\u00f3n aquelles plantes que tenen una gran relaci\u00f3 amb la producci\u00f3 de mel gr\u00e0cies a la seva atracci\u00f3 per les abelles i la qualitat de la mel. La import\u00e0ncia de les abelles al m\u00f3n de la jardineria Si les abelles desapareguessin del planeta, als humans ens quedarien \u00fanicament quatre anys de vida. [&hellip;]<\/p>\n","protected":false},"author":2,"featured_media":3058,"comment_status":"open","ping_status":"open","sticky":false,"template":"","format":"standard","meta":{"_et_pb_use_builder":"","_et_pb_old_content":"","_et_gb_content_width":"","footnotes":""},"categories":[43,44],"tags":[307,289,139],"class_list":["post-3144","post","type-post","status-publish","format-standard","has-post-thumbnail","hentry","category-jardineria-ca","category-planta-exterior-ca","tag-abelles","tag-plantes-dexterior","tag-primavera-2"],"yoast_head":"<!-- This site is optimized with the Yoast SEO plugin v20.5 - https:\/\/yoast.com\/wordpress\/plugins\/seo\/ -->\n<title>Plantes mel\u00b7l\u00edferes que atrauen les abelles - GermiGarden<\/title>\n<meta name=\"description\" content=\"Les plantes mel\u00b7l\u00edferes s\u00f3n plantes que tenen una gran relaci\u00f3 amb la producci\u00f3 de mel gr\u00e0cies a la seva atracci\u00f3 per les abelles.\" \/>\n<meta name=\"robots\" content=\"index, follow, max-snippet:-1, max-image-preview:large, max-video-preview:-1\" \/>\n<link rel=\"canonical\" href=\"https:\/\/blog.germigarden.com\/ca\/jardineria-ca\/plantes-mel%c2%b7liferes-que-atrauen-les-abelles\/\" \/>\n<meta property=\"og:locale\" content=\"ca_ES\" \/>\n<meta property=\"og:type\" content=\"article\" \/>\n<meta property=\"og:title\" content=\"Plantes mel\u00b7l\u00edferes que atrauen les abelles - GermiGarden\" \/>\n<meta property=\"og:description\" content=\"Les plantes mel\u00b7l\u00edferes s\u00f3n plantes que tenen una gran relaci\u00f3 amb la producci\u00f3 de mel gr\u00e0cies a la seva atracci\u00f3 per les abelles.\" \/>\n<meta property=\"og:url\" content=\"https:\/\/blog.germigarden.com\/ca\/jardineria-ca\/plantes-mel%c2%b7liferes-que-atrauen-les-abelles\/\" \/>\n<meta property=\"og:site_name\" content=\"Germigarden | Blog\" \/>\n<meta property=\"article:publisher\" content=\"https:\/\/www.instagram.com\/germigarden\/?hl=es\" \/>\n<meta property=\"article:published_time\" content=\"2022-05-16T08:00:07+00:00\" \/>\n<meta property=\"article:modified_time\" content=\"2022-05-13T13:14:15+00:00\" \/>\n<meta property=\"og:image\" content=\"https:\/\/blog.germigarden.com\/wp-content\/uploads\/2022\/05\/flash-dantz-WWOLincoSrE-unsplash-horiz.jpg\" \/>\n\t<meta property=\"og:image:width\" content=\"1944\" \/>\n\t<meta property=\"og:image:height\" content=\"1441\" \/>\n\t<meta property=\"og:image:type\" content=\"image\/jpeg\" \/>\n<meta name=\"author\" content=\"GermiGarden\" \/>\n<meta name=\"twitter:card\" content=\"summary_large_image\" \/>\n<meta name=\"twitter:label1\" content=\"Escrit per\" \/>\n\t<meta name=\"twitter:data1\" content=\"GermiGarden\" \/>\n\t<meta name=\"twitter:label2\" content=\"Temps estimat de lectura\" \/>\n\t<meta name=\"twitter:data2\" content=\"6 minuts\" \/>\n<script type=\"application\/ld+json\" class=\"yoast-schema-graph\">{\"@context\":\"https:\/\/schema.org\",\"@graph\":[{\"@type\":\"Article\",\"@id\":\"https:\/\/blog.germigarden.com\/ca\/jardineria-ca\/plantes-mel%c2%b7liferes-que-atrauen-les-abelles\/#article\",\"isPartOf\":{\"@id\":\"https:\/\/blog.germigarden.com\/ca\/jardineria-ca\/plantes-mel%c2%b7liferes-que-atrauen-les-abelles\/\"},\"author\":{\"name\":\"GermiGarden\",\"@id\":\"https:\/\/blog.germigarden.com\/ca\/#\/schema\/person\/686f50a524e2347177e6b2cd3e7a827f\"},\"headline\":\"Plantes mel\u00b7l\u00edferes que atrauen les abelles\",\"datePublished\":\"2022-05-16T08:00:07+00:00\",\"dateModified\":\"2022-05-13T13:14:15+00:00\",\"mainEntityOfPage\":{\"@id\":\"https:\/\/blog.germigarden.com\/ca\/jardineria-ca\/plantes-mel%c2%b7liferes-que-atrauen-les-abelles\/\"},\"wordCount\":764,\"commentCount\":0,\"publisher\":{\"@id\":\"https:\/\/blog.germigarden.com\/ca\/#organization\"},\"keywords\":[\"Abelles\",\"Plantes d'exterior\",\"Primavera\"],\"articleSection\":[\"Jardineria\",\"Planta d'exterior\"],\"inLanguage\":\"ca\",\"potentialAction\":[{\"@type\":\"CommentAction\",\"name\":\"Comment\",\"target\":[\"https:\/\/blog.germigarden.com\/ca\/jardineria-ca\/plantes-mel%c2%b7liferes-que-atrauen-les-abelles\/#respond\"]}]},{\"@type\":\"WebPage\",\"@id\":\"https:\/\/blog.germigarden.com\/ca\/jardineria-ca\/plantes-mel%c2%b7liferes-que-atrauen-les-abelles\/\",\"url\":\"https:\/\/blog.germigarden.com\/ca\/jardineria-ca\/plantes-mel%c2%b7liferes-que-atrauen-les-abelles\/\",\"name\":\"Plantes mel\u00b7l\u00edferes que atrauen les abelles - GermiGarden\",\"isPartOf\":{\"@id\":\"https:\/\/blog.germigarden.com\/ca\/#website\"},\"datePublished\":\"2022-05-16T08:00:07+00:00\",\"dateModified\":\"2022-05-13T13:14:15+00:00\",\"description\":\"Les plantes mel\u00b7l\u00edferes s\u00f3n plantes que tenen una gran relaci\u00f3 amb la producci\u00f3 de mel gr\u00e0cies a la seva atracci\u00f3 per les abelles.\",\"breadcrumb\":{\"@id\":\"https:\/\/blog.germigarden.com\/ca\/jardineria-ca\/plantes-mel%c2%b7liferes-que-atrauen-les-abelles\/#breadcrumb\"},\"inLanguage\":\"ca\",\"potentialAction\":[{\"@type\":\"ReadAction\",\"target\":[\"https:\/\/blog.germigarden.com\/ca\/jardineria-ca\/plantes-mel%c2%b7liferes-que-atrauen-les-abelles\/\"]}]},{\"@type\":\"BreadcrumbList\",\"@id\":\"https:\/\/blog.germigarden.com\/ca\/jardineria-ca\/plantes-mel%c2%b7liferes-que-atrauen-les-abelles\/#breadcrumb\",\"itemListElement\":[{\"@type\":\"ListItem\",\"position\":1,\"name\":\"Portada\",\"item\":\"https:\/\/blog.germigarden.com\/ca\/\"},{\"@type\":\"ListItem\",\"position\":2,\"name\":\"Plantes mel\u00b7l\u00edferes que atrauen les abelles\"}]},{\"@type\":\"WebSite\",\"@id\":\"https:\/\/blog.germigarden.com\/ca\/#website\",\"url\":\"https:\/\/blog.germigarden.com\/ca\/\",\"name\":\"Blog de GermiGarden\",\"description\":\"El blog de tu garden online\",\"publisher\":{\"@id\":\"https:\/\/blog.germigarden.com\/ca\/#organization\"},\"potentialAction\":[{\"@type\":\"SearchAction\",\"target\":{\"@type\":\"EntryPoint\",\"urlTemplate\":\"https:\/\/blog.germigarden.com\/ca\/?s={search_term_string}\"},\"query-input\":\"required name=search_term_string\"}],\"inLanguage\":\"ca\"},{\"@type\":\"Organization\",\"@id\":\"https:\/\/blog.germigarden.com\/ca\/#organization\",\"name\":\"Blog de GermiGarden\",\"url\":\"https:\/\/blog.germigarden.com\/ca\/\",\"logo\":{\"@type\":\"ImageObject\",\"inLanguage\":\"ca\",\"@id\":\"https:\/\/blog.germigarden.com\/ca\/#\/schema\/logo\/image\/\",\"url\":\"https:\/\/blog.germigarden.com\/wp-content\/uploads\/2022\/04\/germigarden.png\",\"contentUrl\":\"https:\/\/blog.germigarden.com\/wp-content\/uploads\/2022\/04\/germigarden.png\",\"width\":252,\"height\":116,\"caption\":\"Blog de GermiGarden\"},\"image\":{\"@id\":\"https:\/\/blog.germigarden.com\/ca\/#\/schema\/logo\/image\/\"},\"sameAs\":[\"https:\/\/www.instagram.com\/germigarden\/?hl=es\",\"https:\/\/www.youtube.com\/channel\/UCZNxfjmIpZZFt1XYLH7vEOQ\"]},{\"@type\":\"Person\",\"@id\":\"https:\/\/blog.germigarden.com\/ca\/#\/schema\/person\/686f50a524e2347177e6b2cd3e7a827f\",\"name\":\"GermiGarden\",\"image\":{\"@type\":\"ImageObject\",\"inLanguage\":\"ca\",\"@id\":\"https:\/\/blog.germigarden.com\/ca\/#\/schema\/person\/image\/\",\"url\":\"https:\/\/secure.gravatar.com\/avatar\/a626aaa87d3e70ba460907a2ed89f656431172f7f0219bb6ba18a8866fdfa5a3?s=96&d=mm&r=g\",\"contentUrl\":\"https:\/\/secure.gravatar.com\/avatar\/a626aaa87d3e70ba460907a2ed89f656431172f7f0219bb6ba18a8866fdfa5a3?s=96&d=mm&r=g\",\"caption\":\"GermiGarden\"},\"sameAs\":[\"https:\/\/blog.germigarden.com\/\"]}]}<\/script>\n<!-- \/ Yoast SEO plugin. -->","yoast_head_json":{"title":"Plantes mel\u00b7l\u00edferes que atrauen les abelles - GermiGarden","description":"Les plantes mel\u00b7l\u00edferes s\u00f3n plantes que tenen una gran relaci\u00f3 amb la producci\u00f3 de mel gr\u00e0cies a la seva atracci\u00f3 per les abelles.","robots":{"index":"index","follow":"follow","max-snippet":"max-snippet:-1","max-image-preview":"max-image-preview:large","max-video-preview":"max-video-preview:-1"},"canonical":"https:\/\/blog.germigarden.com\/ca\/jardineria-ca\/plantes-mel%c2%b7liferes-que-atrauen-les-abelles\/","og_locale":"ca_ES","og_type":"article","og_title":"Plantes mel\u00b7l\u00edferes que atrauen les abelles - GermiGarden","og_description":"Les plantes mel\u00b7l\u00edferes s\u00f3n plantes que tenen una gran relaci\u00f3 amb la producci\u00f3 de mel gr\u00e0cies a la seva atracci\u00f3 per les abelles.","og_url":"https:\/\/blog.germigarden.com\/ca\/jardineria-ca\/plantes-mel%c2%b7liferes-que-atrauen-les-abelles\/","og_site_name":"Germigarden | Blog","article_publisher":"https:\/\/www.instagram.com\/germigarden\/?hl=es","article_published_time":"2022-05-16T08:00:07+00:00","article_modified_time":"2022-05-13T13:14:15+00:00","og_image":[{"width":1944,"height":1441,"url":"https:\/\/blog.germigarden.com\/wp-content\/uploads\/2022\/05\/flash-dantz-WWOLincoSrE-unsplash-horiz.jpg","type":"image\/jpeg"}],"author":"GermiGarden","twitter_card":"summary_large_image","twitter_misc":{"Escrit per":"GermiGarden","Temps estimat de lectura":"6 minuts"},"schema":{"@context":"https:\/\/schema.org","@graph":[{"@type":"Article","@id":"https:\/\/blog.germigarden.com\/ca\/jardineria-ca\/plantes-mel%c2%b7liferes-que-atrauen-les-abelles\/#article","isPartOf":{"@id":"https:\/\/blog.germigarden.com\/ca\/jardineria-ca\/plantes-mel%c2%b7liferes-que-atrauen-les-abelles\/"},"author":{"name":"GermiGarden","@id":"https:\/\/blog.germigarden.com\/ca\/#\/schema\/person\/686f50a524e2347177e6b2cd3e7a827f"},"headline":"Plantes mel\u00b7l\u00edferes que atrauen les abelles","datePublished":"2022-05-16T08:00:07+00:00","dateModified":"2022-05-13T13:14:15+00:00","mainEntityOfPage":{"@id":"https:\/\/blog.germigarden.com\/ca\/jardineria-ca\/plantes-mel%c2%b7liferes-que-atrauen-les-abelles\/"},"wordCount":764,"commentCount":0,"publisher":{"@id":"https:\/\/blog.germigarden.com\/ca\/#organization"},"keywords":["Abelles","Plantes d'exterior","Primavera"],"articleSection":["Jardineria","Planta d'exterior"],"inLanguage":"ca","potentialAction":[{"@type":"CommentAction","name":"Comment","target":["https:\/\/blog.germigarden.com\/ca\/jardineria-ca\/plantes-mel%c2%b7liferes-que-atrauen-les-abelles\/#respond"]}]},{"@type":"WebPage","@id":"https:\/\/blog.germigarden.com\/ca\/jardineria-ca\/plantes-mel%c2%b7liferes-que-atrauen-les-abelles\/","url":"https:\/\/blog.germigarden.com\/ca\/jardineria-ca\/plantes-mel%c2%b7liferes-que-atrauen-les-abelles\/","name":"Plantes mel\u00b7l\u00edferes que atrauen les abelles - GermiGarden","isPartOf":{"@id":"https:\/\/blog.germigarden.com\/ca\/#website"},"datePublished":"2022-05-16T08:00:07+00:00","dateModified":"2022-05-13T13:14:15+00:00","description":"Les plantes mel\u00b7l\u00edferes s\u00f3n plantes que tenen una gran relaci\u00f3 amb la producci\u00f3 de mel gr\u00e0cies a la seva atracci\u00f3 per les abelles.","breadcrumb":{"@id":"https:\/\/blog.germigarden.com\/ca\/jardineria-ca\/plantes-mel%c2%b7liferes-que-atrauen-les-abelles\/#breadcrumb"},"inLanguage":"ca","potentialAction":[{"@type":"ReadAction","target":["https:\/\/blog.germigarden.com\/ca\/jardineria-ca\/plantes-mel%c2%b7liferes-que-atrauen-les-abelles\/"]}]},{"@type":"BreadcrumbList","@id":"https:\/\/blog.germigarden.com\/ca\/jardineria-ca\/plantes-mel%c2%b7liferes-que-atrauen-les-abelles\/#breadcrumb","itemListElement":[{"@type":"ListItem","position":1,"name":"Portada","item":"https:\/\/blog.germigarden.com\/ca\/"},{"@type":"ListItem","position":2,"name":"Plantes mel\u00b7l\u00edferes que atrauen les abelles"}]},{"@type":"WebSite","@id":"https:\/\/blog.germigarden.com\/ca\/#website","url":"https:\/\/blog.germigarden.com\/ca\/","name":"Blog de GermiGarden","description":"El blog de tu garden online","publisher":{"@id":"https:\/\/blog.germigarden.com\/ca\/#organization"},"potentialAction":[{"@type":"SearchAction","target":{"@type":"EntryPoint","urlTemplate":"https:\/\/blog.germigarden.com\/ca\/?s={search_term_string}"},"query-input":"required name=search_term_string"}],"inLanguage":"ca"},{"@type":"Organization","@id":"https:\/\/blog.germigarden.com\/ca\/#organization","name":"Blog de GermiGarden","url":"https:\/\/blog.germigarden.com\/ca\/","logo":{"@type":"ImageObject","inLanguage":"ca","@id":"https:\/\/blog.germigarden.com\/ca\/#\/schema\/logo\/image\/","url":"https:\/\/blog.germigarden.com\/wp-content\/uploads\/2022\/04\/germigarden.png","contentUrl":"https:\/\/blog.germigarden.com\/wp-content\/uploads\/2022\/04\/germigarden.png","width":252,"height":116,"caption":"Blog de GermiGarden"},"image":{"@id":"https:\/\/blog.germigarden.com\/ca\/#\/schema\/logo\/image\/"},"sameAs":["https:\/\/www.instagram.com\/germigarden\/?hl=es","https:\/\/www.youtube.com\/channel\/UCZNxfjmIpZZFt1XYLH7vEOQ"]},{"@type":"Person","@id":"https:\/\/blog.germigarden.com\/ca\/#\/schema\/person\/686f50a524e2347177e6b2cd3e7a827f","name":"GermiGarden","image":{"@type":"ImageObject","inLanguage":"ca","@id":"https:\/\/blog.germigarden.com\/ca\/#\/schema\/person\/image\/","url":"https:\/\/secure.gravatar.com\/avatar\/a626aaa87d3e70ba460907a2ed89f656431172f7f0219bb6ba18a8866fdfa5a3?s=96&d=mm&r=g","contentUrl":"https:\/\/secure.gravatar.com\/avatar\/a626aaa87d3e70ba460907a2ed89f656431172f7f0219bb6ba18a8866fdfa5a3?s=96&d=mm&r=g","caption":"GermiGarden"},"sameAs":["https:\/\/blog.germigarden.com\/"]}]}},"_links":{"self":[{"href":"https:\/\/blog.germigarden.com\/ca\/wp-json\/wp\/v2\/posts\/3144","targetHints":{"allow":["GET"]}}],"collection":[{"href":"https:\/\/blog.germigarden.com\/ca\/wp-json\/wp\/v2\/posts"}],"about":[{"href":"https:\/\/blog.germigarden.com\/ca\/wp-json\/wp\/v2\/types\/post"}],"author":[{"embeddable":true,"href":"https:\/\/blog.germigarden.com\/ca\/wp-json\/wp\/v2\/users\/2"}],"replies":[{"embeddable":true,"href":"https:\/\/blog.germigarden.com\/ca\/wp-json\/wp\/v2\/comments?post=3144"}],"version-history":[{"count":5,"href":"https:\/\/blog.germigarden.com\/ca\/wp-json\/wp\/v2\/posts\/3144\/revisions"}],"predecessor-version":[{"id":3150,"href":"https:\/\/blog.germigarden.com\/ca\/wp-json\/wp\/v2\/posts\/3144\/revisions\/3150"}],"wp:featuredmedia":[{"embeddable":true,"href":"https:\/\/blog.germigarden.com\/ca\/wp-json\/wp\/v2\/media\/3058"}],"wp:attachment":[{"href":"https:\/\/blog.germigarden.com\/ca\/wp-json\/wp\/v2\/media?parent=3144"}],"wp:term":[{"taxonomy":"category","embeddable":true,"href":"https:\/\/blog.germigarden.com\/ca\/wp-json\/wp\/v2\/categories?post=3144"},{"taxonomy":"post_tag","embeddable":true,"href":"https:\/\/blog.germigarden.com\/ca\/wp-json\/wp\/v2\/tags?post=3144"}],"curies":[{"name":"wp","href":"https:\/\/api.w.org\/{rel}","templated":true}]}}