{"id":4468,"date":"2022-07-27T15:02:52","date_gmt":"2022-07-27T13:02:52","guid":{"rendered":"https:\/\/blog.germigarden.com\/?p=4468"},"modified":"2022-07-27T15:02:53","modified_gmt":"2022-07-27T13:02:53","slug":"tipus-de-cactus-les-nostres-especies-de-cactus-preferides","status":"publish","type":"post","link":"https:\/\/blog.germigarden.com\/ca\/jardineria-ca\/tipus-de-cactus-les-nostres-especies-de-cactus-preferides\/","title":{"rendered":"Tipus de cactus: les nostres esp\u00e8cies de cactus preferides"},"content":{"rendered":"\n<p>Tal com et vam dir a l&#8217;article de<a href=\"https:\/\/blog.germigarden.com\/ca\/jardineria-ca\/com-cuidar-els-cactus-y-les-crasses\/\"> cures de cactus i crasses<\/a>, els cactus s\u00f3n una fam\u00edlia molt gran dins del grup de les suculentes. A l&#8217;article d&#8217;avui us farem un llistat de tipus de cactus i esp\u00e8cies en concret que has de con\u00e8ixer per les seves espectaculars caracter\u00edstiques.<\/p>\n\n\n\n<div class=\"wp-block-group has-black-color has-text-color has-background\" style=\"background-color:#edf7e8\"><div class=\"wp-block-group__inner-container is-layout-flow wp-block-group-is-layout-flow\">\n<h4 class=\"wp-block-heading\"><p class=\"indice\"><strong>\u00cdndex<\/strong><\/p><\/h4>\n\n\n\n<ul class=\"wp-block-list\"><li><a href=\"#texto-ancla1\">Seient de la sogra<\/a><\/li><li><a href=\"#texto-ancla2\">Mammillaria<\/a><\/li><li><a href=\"#texto-ancla3\">Cua de mico<\/a><\/li><li><a href=\"#texto-ancla4\">Peyote<\/a><\/li><li><a href=\"#texto-ancla5\">Cereus<\/a><\/li><li><a href=\"#texto-ancla6\">Schlumbergera<\/a><\/li><li><a href=\"#texto-ancla7\">Espostoa<\/a><\/li><li><a href=\"#texto-ancla8\">Euphorbia<\/a><\/li><li><a href=\"#texto-ancla9\">Espina de crist<\/a><\/li><li><a href=\"#texto-ancla10\">Ritterocereus Pruinosus<\/a><\/li><li><a href=\"#texto-ancla11\">Pachycereus<\/a><\/li><li><a href=\"#texto-ancla12\">Trichocereus<\/a><\/li><\/ul>\n<\/div><\/div>\n\n\n\n<figure class=\"wp-block-image size-large is-style-default\"><img decoding=\"async\" width=\"1024\" height=\"683\" src=\"https:\/\/blog.germigarden.com\/wp-content\/uploads\/2022\/06\/polina-skaia-MBPxxeTbI8w-unsplash-1024x683.jpg\" alt=\"tipus de cactus\" class=\"wp-image-4227\" srcset=\"https:\/\/blog.germigarden.com\/wp-content\/uploads\/2022\/06\/polina-skaia-MBPxxeTbI8w-unsplash-980x653.jpg 980w, https:\/\/blog.germigarden.com\/wp-content\/uploads\/2022\/06\/polina-skaia-MBPxxeTbI8w-unsplash-480x320.jpg 480w\" sizes=\"(min-width: 0px) and (max-width: 480px) 480px, (min-width: 481px) and (max-width: 980px) 980px, (min-width: 981px) 1024px, 100vw\" \/><\/figure>\n\n\n\n<p>Per posar-nos en context, dins de la fam\u00edlia dels cactus (<em>Cactaceae<\/em>) hi ha m\u00e9s de 200 g\u00e8neres diferents de cactus i al voltant d&#8217;unes 2.500 esp\u00e8cies. Entre elles moltes de les que trobar\u00e0s a la seg\u00fcent llista. Els cactus s\u00f3n ideals per a aquells que teniu problemes amb les plantes, ja que s\u00f3n molt resistents a la calor i la sequera. S\u00f3n plantes ideals per a l&#8217;estiu.<\/p>\n\n\n\n<h2 class=\"wp-block-heading\" id=\"texto-ancla1\">Seient de la sogra<\/h2>\n\n\n\n<p>El seient de la sogra o <em>Echinocactus Grusonii<\/em> \u00e9s una mena de cactus for\u00e7a famosa i reconeixible per la seva forma esf\u00e8rica i llargues i resistents espines de color blanc. El seu origen \u00e9s mexic\u00e0, per\u00f2 ja s&#8217;ha est\u00e8s per gaireb\u00e9 tothom. A Espanya se&#8217;n diu seient del seu ample tronc que va creixent al llarg del temps. Pel que fa a les cures no requereix cap cura especial llevat d&#8217;evitar els trasplantaments, ja que les seves arrels no es desenvolupen amb facilitat. Necessita un substrat sorrenc i molt de sol i calor.<\/p>\n\n\n<div class=\"wp-block-image is-style-default\">\n<figure class=\"aligncenter size-large is-resized\"><a href=\"https:\/\/www.germigarden.com\/es\/comprar-cactus-y-planta-crasa\/81586-asiento-de-la-suegra.html\"><img decoding=\"async\" src=\"https:\/\/blog.germigarden.com\/wp-content\/uploads\/2022\/06\/golden-barrel-cactus-347323_1920-1024x683.jpg\" alt=\"tipus de cactus Seient de la sogra\" class=\"wp-image-4142\" width=\"512\" height=\"342\"\/><\/a><\/figure>\n<\/div>\n\n\n<h2 class=\"wp-block-heading\" id=\"texto-ancla2\">Mammillaria<\/h2>\n\n\n\n<p>En segon lloc, el g\u00e8nere <em>Mammillaria <\/em>\u00e9s un g\u00e8nere de cactus fam\u00f3s per una de les seves esp\u00e8cies anomenada cervellet. El cervell \u00e9s originari de M\u00e8xic, igual que la majoria d&#8217;esp\u00e8cies del g\u00e8nere Mammillaria. El cervell o <em>cerebrito <\/em>destaca per la manera com creixen, creant unes ondulacions al seu tronc molt caracter\u00edstiques que recorden un cervell. Aquest cactus t\u00e9 molt poc manteniment i existeix en diferents mides. El podem trobar en mides molt petites, per\u00f2 tamb\u00e9 n&#8217;hi ha de m\u00e9s grans. T\u00e9 un creixement lent igual que la majoria de cactus. Per aix\u00f2 et recomanem que si vols que es faci molt gran que ja compris un cervellet m\u00e9s gran. La resta d&#8217;esp\u00e8cies del g\u00e8nere Mammillaria tamb\u00e9 tenen un atractiu, encara que no la forma tan divertida del cervell. Us deixem fotos de tots m\u00e9s avall.<\/p>\n\n\n<div class=\"wp-block-image is-style-default\">\n<figure class=\"aligncenter size-large is-resized\"><img decoding=\"async\" src=\"https:\/\/blog.germigarden.com\/wp-content\/uploads\/2022\/06\/IMG_20220630_100437-1024x744.jpg\" alt=\"tipus de cactus Mammillaria\" class=\"wp-image-4234\" width=\"512\" height=\"372\"\/><\/figure>\n<\/div>\n\n\n<h2 class=\"wp-block-heading\" id=\"texto-ancla3\">Cua de mico<\/h2>\n\n\n<div class=\"wp-block-image is-style-default\">\n<figure class=\"alignright size-full is-resized\"><a href=\"https:\/\/www.germigarden.com\/es\/comprar-cactus-y-planta-crasa\/1050501044-hildewintera-colademononis-o-cola-de-mono.html\"><img decoding=\"async\" src=\"https:\/\/blog.germigarden.com\/wp-content\/uploads\/2022\/06\/cola-de-mono-2.jpg\" alt=\"tipus de cactus\" class=\"wp-image-4199\" width=\"215\" height=\"293\" srcset=\"https:\/\/blog.germigarden.com\/wp-content\/uploads\/2022\/06\/cola-de-mono-2.jpg 448w, https:\/\/blog.germigarden.com\/wp-content\/uploads\/2022\/06\/cola-de-mono-2-221x300.jpg 221w\" sizes=\"(max-width: 215px) 100vw, 215px\" \/><\/a><\/figure>\n<\/div>\n\n\n<p>La cua de mico \u00e9s un dels pocs cactus de penjar. Tamb\u00e9 \u00e9s d&#8217;origen sud-americ\u00e0 i al seu h\u00e0bitat natural es troben penjats als penya-segats. Est\u00e0 acostumat a estar a llocs c\u00e0lids i secs. Per tant, \u00e9s un cactus que necessita un reg molt esc\u00e0s, si no pot podrir-ne les arrels. Et recomanem que no les reguis durant l&#8217;hivern, ja que aix\u00ed n&#8217;afavorirem la floraci\u00f3. El creixement \u00e9s lent com el de la majoria de cactus, per\u00f2 pot arribar a fer m\u00e9s de 2 metres. El que m\u00e9s destaca despr\u00e9s de la seva forma tan caracter\u00edstica i els seus p\u00e8ls blancs \u00e9s que fa una floraci\u00f3 molt bonica amb flors vermelloses i de vegades ataronjades.<\/p>\n\n\n\n<h2 class=\"wp-block-heading\" id=\"texto-ancla4\">Peyote<\/h2>\n\n\n\n<p>El peyote \u00e9s un cactus especial, ja que no produeix espines i en alguns casos si les genera s\u00f3n molt fines. El motiu pel qual \u00e9s fam\u00f3s no \u00e9s perqu\u00e8 no t\u00e9 broquetes, sin\u00f3 pel seu \u00fas medicinal i tamb\u00e9 com a psicoactiva. El peyote t\u00e9 un component anomenat <strong>mescalina<\/strong>, una mol\u00e8cula semblant a la dopamina que produeix al\u00b7lucinacions. Pel que fa a la planta en si, \u00e9s una planta petita que no arriba a m\u00e9s de 15 cent\u00edmetres. Sol ser petit i amb una forma esf\u00e8rica. El peyote requereix unes cures iguals a les habituals en els altres cactus.<\/p>\n\n\n\n<h2 class=\"wp-block-heading\" id=\"texto-ancla5\">Cereus<\/h2>\n\n\n\n<p>El g\u00e8nere Cereus \u00e9s un altre g\u00e8nere de cactus que tamb\u00e9 t\u00e9 for\u00e7a esp\u00e8cies amb m\u00e9s de 1000. Tot i aix\u00f2, algunes no estan del tot acceptades. \u00danicament 40 s\u00f3n les que realment formen part del g\u00e8nere cereus. Una d&#8217;aquestes varietats que est\u00e0 als llimbs a nivell taxon\u00f2mic \u00e9s el <em>Cereus Peruvianus<\/em>. Una esp\u00e8cie que comparteix moltes similituds amb els cereus, per\u00f2 que sorprenentment no est\u00e0 acceptada. \u00c9s una esp\u00e8cie molt espectacular. Destaca per les aur\u00e8oles que va formant a mesura que creix. Podeu arribar a m\u00e9s de 5 metres d&#8217;al\u00e7ada. T\u00e9 les espines curtes i floreix a l&#8217;estiu amb una flor blanca. \u00c9s una esp\u00e8cie que no suporta b\u00e9 el fred per all\u00f2 que millor que el plantis en una zona c\u00e0lida i amb un reg esc\u00e0s.<\/p>\n\n\n\n<div class=\"wp-block-group\"><div class=\"wp-block-group__inner-container is-layout-flow wp-block-group-is-layout-flow\">\n<h2 class=\"wp-block-heading\" id=\"texto-ancla6\">Schlumbergera<\/h2>\n\n\n<div class=\"wp-block-image is-style-default\">\n<figure class=\"alignright size-large is-resized\"><a href=\"https:\/\/www.germigarden.com\/es\/comprar-crasa-o-suculenta\/1050503390-schlumbergera.html\"><img decoding=\"async\" src=\"https:\/\/blog.germigarden.com\/wp-content\/uploads\/2022\/06\/schlumbergera-truncata-7053197_1920-735x1024.jpg\" alt=\"\" class=\"wp-image-4193\" width=\"235\" height=\"328\"\/><\/a><\/figure>\n<\/div>\n\n\n<p>La Schlumbergera o tamb\u00e9 coneguda com a Cactus de Nadal \u00e9s un cactus molt t\u00edpic. \u00c9s origin\u00e0ria de zones tropicals de Brasil, per aix\u00f2 requereix un clima c\u00e0lid, per\u00f2 tamb\u00e9 certa humitat. No requereix gaire reg, ja que \u00e9s una planta ep\u00edfita, per la qual cosa est\u00e0 adaptada a no retenir aigua per les arrels sin\u00f3 per la humitat de l&#8217;ambient. Fa la floraci\u00f3 a l&#8217;hivern, amb una flor de color vermell fosc. \u00c9s una planta que penja i que podem fer que tingui un creixement m\u00e9s r\u00e0pid respecte altres cactus. A m\u00e9s, t\u00e9 una vida molt m\u00e9s longeva i arriba a m\u00e9s de 20 anys. Pel que fa a cures, el reg ha de ser m\u00e9s alt a l&#8217;estiu, podent fer reg per aspersi\u00f3 a tot el seu cos per mantenir-la hidratada.<\/p>\n<\/div><\/div>\n\n\n\n<h2 class=\"wp-block-heading\" id=\"texto-ancla7\">Espostoa<\/h2>\n\n\n\n<p>El g\u00e8nere Espostoa destaca per tenir molts p\u00e8ls. S\u00f3n un g\u00e8nere originari d&#8217;Am\u00e8rica que no accepten climes gaire freds. S\u00f3n un g\u00e8nere de cactus columnars que poden fer m\u00e9s de 2 metres d&#8217;al\u00e7ada. D&#8217;aquest g\u00e8nere destaquem la <em>Espostoa lanata <\/em>i el tronc del qual est\u00e0 completament cobert per aquests p\u00e8ls i espines. Les flors s\u00f3n blanques i apareixen despr\u00e9s d&#8217;un hivern amb una mica d&#8217;estr\u00e8s, per la qual cosa us recomanem que feu un reg molt esc\u00e0s a la temporada freda.<\/p>\n\n\n<div class=\"wp-block-image is-style-default\">\n<figure class=\"aligncenter size-large is-resized\"><a href=\"https:\/\/www.germigarden.com\/es\/comprar-cactus-y-planta-crasa\/1050501043-chamalobivia.html?search_query=nana&amp;results=10\"><img decoding=\"async\" src=\"https:\/\/blog.germigarden.com\/wp-content\/uploads\/2022\/06\/IMG_20220630_101103-1-1024x1024.jpg\" alt=\"tipus de cactus\" class=\"wp-image-4240\" width=\"512\" height=\"512\"\/><\/a><\/figure>\n<\/div>\n\n\n<h2 class=\"wp-block-heading\" id=\"texto-ancla8\">Euphorbia<\/h2>\n\n\n\n<p>El g\u00e8nere <em>Euphorbia <\/em>\u00e9s un g\u00e8nere for\u00e7a extens amb m\u00e9s de 2000 varietats de plantes diferents. Entre elles n&#8217;hi ha algunes que s\u00f3n cactus, per\u00f2 n&#8217;hi ha d&#8217;altres com l&#8217;<em>Euphorbia pulcherrima<\/em> o tamb\u00e9 anomenada Flor de pasqua o Pons\u00e8tia que no tenen espines com les que veurem ara. A la nostra botiga podr\u00e0s trobar tots aquests cactus:<\/p>\n\n\n\n<ul class=\"wp-block-list\"><li>Euphorbia lactea: Aquest cactus destaca per la seva variant cristata. T\u00e9 una cresta que en funci\u00f3 de la varietat pot ser verda o tamb\u00e9 d&#8217;un color vermell\u00f3s a les puntes. A m\u00e9s, \u00e9s una esp\u00e8cie que genera molt de l\u00e0tex dins de la fam\u00edlia de les euphorbies.<\/li><li>Euphorbia trigona: L&#8217;esp\u00e8cie trigona destaca pel seu port columnar on va generant fulles petites. \u00c9s un cactus que es va ramificant creant grans arbustos. \u00c9s m\u00e9s sensible als canvis de temperatura que les altres, per la qual cosa mantingues-la en un lloc c\u00e0lid tot l&#8217;any. Admet ombra.<\/li><li>Euphorbia aeruginosa: Aquesta mena d&#8217;<em>Euphorbia <\/em>\u00e9s una planta gaireb\u00e9 arbustiva amb unes espines molt fines. En aquest cas, malgrat ser del mateix g\u00e8nere que les anteriors, \u00e9s una planta crassa o suculenta perqu\u00e8 \u00e9s origin\u00e0ria de Sud-\u00e0frica. Igual que la cristata, les seves espines es tornen vermelloses.<\/li><\/ul>\n\n\n\n<figure class=\"wp-block-gallery has-nested-images columns-default is-cropped wp-block-gallery-1 is-layout-flex wp-block-gallery-is-layout-flex\">\n<figure class=\"wp-block-image size-large is-style-default\"><a href=\"https:\/\/www.germigarden.com\/es\/comprar-cactus-y-planta-crasa\/1050500910-euphorbia-lactea-cristata-maceta-12-cm-o.html\"><img decoding=\"async\" width=\"1440\" height=\"1441\" data-id=\"4217\" src=\"https:\/\/blog.germigarden.com\/wp-content\/uploads\/2022\/06\/botany-7139306_1920lactea-cristata-edited.jpg\" alt=\"\" class=\"wp-image-4217\" srcset=\"https:\/\/blog.germigarden.com\/wp-content\/uploads\/2022\/06\/botany-7139306_1920lactea-cristata-edited.jpg 1440w, https:\/\/blog.germigarden.com\/wp-content\/uploads\/2022\/06\/botany-7139306_1920lactea-cristata-edited-1280x1281.jpg 1280w, https:\/\/blog.germigarden.com\/wp-content\/uploads\/2022\/06\/botany-7139306_1920lactea-cristata-edited-980x981.jpg 980w, https:\/\/blog.germigarden.com\/wp-content\/uploads\/2022\/06\/botany-7139306_1920lactea-cristata-edited-480x480.jpg 480w\" sizes=\"(min-width: 0px) and (max-width: 480px) 480px, (min-width: 481px) and (max-width: 980px) 980px, (min-width: 981px) and (max-width: 1280px) 1280px, (min-width: 1281px) 1440px, 100vw\" \/><\/a><figcaption>Euphorbia lactea cristata<\/figcaption><\/figure>\n\n\n\n<figure class=\"wp-block-image size-large is-style-default\"><a href=\"https:\/\/www.germigarden.com\/es\/comprar-cactus-y-planta-crasa\/1050501942-euphorbia-trigona.html\"><img decoding=\"async\" width=\"1024\" height=\"1024\" data-id=\"4214\" src=\"https:\/\/blog.germigarden.com\/wp-content\/uploads\/2022\/06\/cactus-6611880_1920Euphorbia-trigona-1-1024x1024.jpg\" alt=\"\" class=\"wp-image-4214\" srcset=\"https:\/\/blog.germigarden.com\/wp-content\/uploads\/2022\/06\/cactus-6611880_1920Euphorbia-trigona-1-1024x1024.jpg 1024w, https:\/\/blog.germigarden.com\/wp-content\/uploads\/2022\/06\/cactus-6611880_1920Euphorbia-trigona-1-980x980.jpg 980w, https:\/\/blog.germigarden.com\/wp-content\/uploads\/2022\/06\/cactus-6611880_1920Euphorbia-trigona-1-480x480.jpg 480w\" sizes=\"(min-width: 0px) and (max-width: 480px) 480px, (min-width: 481px) and (max-width: 980px) 980px, (min-width: 981px) 1024px, 100vw\" \/><\/a><figcaption>Euphorbia trigona<\/figcaption><\/figure>\n\n\n\n<figure class=\"wp-block-image size-large is-style-default\"><a href=\"https:\/\/www.germigarden.com\/es\/comprar-cactus-y-planta-crasa\/1050501039-comprar-euphorbia-aeruginosa.html\"><img decoding=\"async\" width=\"477\" height=\"438\" data-id=\"4211\" src=\"https:\/\/blog.germigarden.com\/wp-content\/uploads\/2022\/06\/Euphorbia-aeruginosa-2-edited.jpg\" alt=\"\" class=\"wp-image-4211\" srcset=\"https:\/\/blog.germigarden.com\/wp-content\/uploads\/2022\/06\/Euphorbia-aeruginosa-2-edited.jpg 477w, https:\/\/blog.germigarden.com\/wp-content\/uploads\/2022\/06\/Euphorbia-aeruginosa-2-edited-300x275.jpg 300w\" sizes=\"(max-width: 477px) 100vw, 477px\" \/><\/a><figcaption>Euphorbia aeruginosa<\/figcaption><\/figure>\n<\/figure>\n\n\n\n<h2 class=\"wp-block-heading\" id=\"texto-ancla9\">Espina de crist<\/h2>\n\n\n\n<p>L&#8217;espina de crist \u00e9s un cactus for\u00e7a fam\u00f3s per les seves flors, per\u00f2 tamb\u00e9 pel seu tronc espin\u00f3s. \u00c9s del g\u00e8nere <em>Euphorbia <\/em>encara que ho hem volgut separar per la seva floraci\u00f3 tan abundant. Se&#8217;n diu espina de crist perqu\u00e8 el seu tronc \u00e9s ple d&#8217;espines molt gruixudes. Estan repartides per tot el tronc fins que arriben a la part on hi ha les fulles. All\u00ed les espines desapareixen pr\u00e0cticament i ens deixa una planta preciosa amb una floraci\u00f3 molt bonica.<\/p>\n\n\n\n<h2 class=\"wp-block-heading\" id=\"texto-ancla10\">Ritterocereus Pruinosus<\/h2>\n\n\n\n<p>El <em>Ritterocereus <\/em>o<em> Stenocereus pruinosus<\/em> \u00e9s un cactus columnar molt alt originari de M\u00e8xic i que de fet nom\u00e9s es troba en estat silvestre all\u00e0. Aquest cactus el pots comprar a la nostra botiga ja empeltat. \u00c9s un cactus que aguanta molt b\u00e9 la calor pitjor tamb\u00e9 el fred. Pel que fa al reg, tamb\u00e9 \u00e9s molt resistent a la sequera.<\/p>\n\n\n\n<h2 class=\"wp-block-heading\" id=\"texto-ancla11\">Pachycereus<\/h2>\n\n\n\n<p>El g\u00e8nere Pachycereus no \u00e9s gaire extens, amb nom\u00e9s 15 esp\u00e8cies diferents, la majoria d&#8217;origen nord-americ\u00e0 i algunes origin\u00e0ries del nord de M\u00e8xic. \u00c9s un g\u00e8nere que destaca per ser cactus columnars molt alts. Destaquem el <em>Pachycereus marginatus<\/em>, que dona unes flors molt boniques a la primavera. \u00c9s molt resistent a la sequera i la calor, per\u00f2 com molts cactus no tolera gaire el fred. Tenen un creixement for\u00e7a m\u00e9s r\u00e0pid que la majoria i fan una ramificaci\u00f3 dels seus bracs r\u00e0pidament.<\/p>\n\n\n\n<h2 class=\"wp-block-heading\" id=\"texto-ancla12\">Trichocereus<\/h2>\n\n\n\n<p>El <em>Trichocereus <\/em>\u00e9s un g\u00e8nere de cactus que es reparteixen sobretot per Argentina, per\u00f2 tamb\u00e9 els podem trobar a algun desert d&#8217;Am\u00e8rica del Nord. Algunes esp\u00e8cies s\u00f3n de mida petita, tanmateix, tamb\u00e9 hi podem trobar cactus de gran envergadura arribant als 10 metres. Aquest g\u00e8nere \u00e9s molt resistent a la calor i tamb\u00e9 al fred. Destaquem les esp\u00e8cies <em>Trichocereus Pasacana<\/em> i <em>Trichocereus Huascha<\/em>.<\/p>\n\n\n<div class=\"wp-block-image is-style-default\">\n<figure class=\"aligncenter size-full is-resized\"><a href=\"https:\/\/www.germigarden.com\/es\/comprar-cactus-y-planta-crasa\/1050501071-trichocereus-pasacana.html?search_query=Trichocereus+&amp;results=3\"><img decoding=\"async\" src=\"https:\/\/blog.germigarden.com\/wp-content\/uploads\/2022\/06\/Trichocereus-pasacana-2.jpg\" alt=\"tipus de cactus Trichocereus Pasacana\" class=\"wp-image-4223\" width=\"375\" height=\"250\"\/><\/a><figcaption>Trichocereus Pasacana<\/figcaption><\/figure>\n<\/div>\n\n\n<p>En resum, podr\u00e0s trobar tots aquests cactus i m\u00e9s a la nostra botiga <a href=\"https:\/\/www.germigarden.com\/ca\/\">GermiGarden.com<\/a>. Per altra banda, si tens qualsevol dubte sobre cactus o vol saber m\u00e9s sobre <a href=\"https:\/\/blog.germigarden.com\/ca\/jardineria-ca\/com-cuidar-els-cactus-y-les-crasses\/\">com tenir cura dels cactus i suculentes<\/a>, pots consultar els nostres articles al blog. A GermiGarden tenim una gran oferta de mini cactus i suculentes. S\u00f3n plantes crasses i cactus en miniatura ideals per tenir a casa o per regalar. A m\u00e9s a m\u00e9s, si necessites cactus per a detalls de casament, batejos i comunions, consulta la nostra oferta de <a href=\"https:\/\/www.germigarden.com\/ca\/cactus-i-plantes-crasses\/1050505962-cactus-i-crasses-per-esdeveniments-casaments-bodes-personalitza.html\">cactus i crasses per a celebracions i esdeveniments<\/a>. Deixa&#8217;ns als comentaris que cactus et va agradar m\u00e9s de la llista.<\/p>\n","protected":false},"excerpt":{"rendered":"<p>Tal com et vam dir a l&#8217;article de cures de cactus i crasses, els cactus s\u00f3n una fam\u00edlia molt gran dins del grup de les suculentes. A l&#8217;article d&#8217;avui us farem un llistat de tipus de cactus i esp\u00e8cies en concret que has de con\u00e8ixer per les seves espectaculars caracter\u00edstiques. \u00cdndex Seient de la sogra [&hellip;]<\/p>\n","protected":false},"author":2,"featured_media":4145,"comment_status":"open","ping_status":"open","sticky":false,"template":"","format":"standard","meta":{"_et_pb_use_builder":"","_et_pb_old_content":"","_et_gb_content_width":"","footnotes":""},"categories":[43,44],"tags":[373],"class_list":["post-4468","post","type-post","status-publish","format-standard","has-post-thumbnail","hentry","category-jardineria-ca","category-planta-exterior-ca","tag-cactus-2"],"yoast_head":"<!-- This site is optimized with the Yoast SEO plugin v20.5 - https:\/\/yoast.com\/wordpress\/plugins\/seo\/ -->\n<title>Tipus de cactus: les nostres prefeirdes - Germigarden | Blog<\/title>\n<meta name=\"description\" content=\"A l&#039;article d&#039;avui, us farem un llistat de tipus de cactus i esp\u00e8cies que has de con\u00e8ixer per les seves espectaculars caracter\u00edstiques.\" \/>\n<meta name=\"robots\" content=\"index, follow, max-snippet:-1, max-image-preview:large, max-video-preview:-1\" \/>\n<link rel=\"canonical\" href=\"https:\/\/blog.germigarden.com\/ca\/jardineria-ca\/tipus-de-cactus-les-nostres-especies-de-cactus-preferides\/\" \/>\n<meta property=\"og:locale\" content=\"ca_ES\" \/>\n<meta property=\"og:type\" content=\"article\" \/>\n<meta property=\"og:title\" content=\"Tipus de cactus: les nostres prefeirdes - Germigarden | Blog\" \/>\n<meta property=\"og:description\" content=\"A l&#039;article d&#039;avui, us farem un llistat de tipus de cactus i esp\u00e8cies que has de con\u00e8ixer per les seves espectaculars caracter\u00edstiques.\" \/>\n<meta property=\"og:url\" content=\"https:\/\/blog.germigarden.com\/ca\/jardineria-ca\/tipus-de-cactus-les-nostres-especies-de-cactus-preferides\/\" \/>\n<meta property=\"og:site_name\" content=\"Germigarden | Blog\" \/>\n<meta property=\"article:publisher\" content=\"https:\/\/www.instagram.com\/germigarden\/?hl=es\" \/>\n<meta property=\"article:published_time\" content=\"2022-07-27T13:02:52+00:00\" \/>\n<meta property=\"article:modified_time\" content=\"2022-07-27T13:02:53+00:00\" \/>\n<meta property=\"og:image\" content=\"https:\/\/blog.germigarden.com\/wp-content\/uploads\/2022\/06\/christoph-von-gellhorn-kjA82leKmJc-unsplash-scaled.jpg\" \/>\n\t<meta property=\"og:image:width\" content=\"2560\" \/>\n\t<meta property=\"og:image:height\" content=\"1707\" \/>\n\t<meta property=\"og:image:type\" content=\"image\/jpeg\" \/>\n<meta name=\"author\" content=\"GermiGarden\" \/>\n<meta name=\"twitter:card\" content=\"summary_large_image\" \/>\n<meta name=\"twitter:label1\" content=\"Escrit per\" \/>\n\t<meta name=\"twitter:data1\" content=\"GermiGarden\" \/>\n\t<meta name=\"twitter:label2\" content=\"Temps estimat de lectura\" \/>\n\t<meta name=\"twitter:data2\" content=\"10 minuts\" \/>\n<script type=\"application\/ld+json\" class=\"yoast-schema-graph\">{\"@context\":\"https:\/\/schema.org\",\"@graph\":[{\"@type\":\"Article\",\"@id\":\"https:\/\/blog.germigarden.com\/ca\/jardineria-ca\/tipus-de-cactus-les-nostres-especies-de-cactus-preferides\/#article\",\"isPartOf\":{\"@id\":\"https:\/\/blog.germigarden.com\/ca\/jardineria-ca\/tipus-de-cactus-les-nostres-especies-de-cactus-preferides\/\"},\"author\":{\"name\":\"GermiGarden\",\"@id\":\"https:\/\/blog.germigarden.com\/ca\/#\/schema\/person\/686f50a524e2347177e6b2cd3e7a827f\"},\"headline\":\"Tipus de cactus: les nostres esp\u00e8cies de cactus preferides\",\"datePublished\":\"2022-07-27T13:02:52+00:00\",\"dateModified\":\"2022-07-27T13:02:53+00:00\",\"mainEntityOfPage\":{\"@id\":\"https:\/\/blog.germigarden.com\/ca\/jardineria-ca\/tipus-de-cactus-les-nostres-especies-de-cactus-preferides\/\"},\"wordCount\":1679,\"commentCount\":0,\"publisher\":{\"@id\":\"https:\/\/blog.germigarden.com\/ca\/#organization\"},\"keywords\":[\"Cactus\"],\"articleSection\":[\"Jardineria\",\"Planta d'exterior\"],\"inLanguage\":\"ca\",\"potentialAction\":[{\"@type\":\"CommentAction\",\"name\":\"Comment\",\"target\":[\"https:\/\/blog.germigarden.com\/ca\/jardineria-ca\/tipus-de-cactus-les-nostres-especies-de-cactus-preferides\/#respond\"]}]},{\"@type\":\"WebPage\",\"@id\":\"https:\/\/blog.germigarden.com\/ca\/jardineria-ca\/tipus-de-cactus-les-nostres-especies-de-cactus-preferides\/\",\"url\":\"https:\/\/blog.germigarden.com\/ca\/jardineria-ca\/tipus-de-cactus-les-nostres-especies-de-cactus-preferides\/\",\"name\":\"Tipus de cactus: les nostres prefeirdes - Germigarden | Blog\",\"isPartOf\":{\"@id\":\"https:\/\/blog.germigarden.com\/ca\/#website\"},\"datePublished\":\"2022-07-27T13:02:52+00:00\",\"dateModified\":\"2022-07-27T13:02:53+00:00\",\"description\":\"A l'article d'avui, us farem un llistat de tipus de cactus i esp\u00e8cies que has de con\u00e8ixer per les seves espectaculars caracter\u00edstiques.\",\"breadcrumb\":{\"@id\":\"https:\/\/blog.germigarden.com\/ca\/jardineria-ca\/tipus-de-cactus-les-nostres-especies-de-cactus-preferides\/#breadcrumb\"},\"inLanguage\":\"ca\",\"potentialAction\":[{\"@type\":\"ReadAction\",\"target\":[\"https:\/\/blog.germigarden.com\/ca\/jardineria-ca\/tipus-de-cactus-les-nostres-especies-de-cactus-preferides\/\"]}]},{\"@type\":\"BreadcrumbList\",\"@id\":\"https:\/\/blog.germigarden.com\/ca\/jardineria-ca\/tipus-de-cactus-les-nostres-especies-de-cactus-preferides\/#breadcrumb\",\"itemListElement\":[{\"@type\":\"ListItem\",\"position\":1,\"name\":\"Portada\",\"item\":\"https:\/\/blog.germigarden.com\/ca\/\"},{\"@type\":\"ListItem\",\"position\":2,\"name\":\"Tipus de cactus: les nostres esp\u00e8cies de cactus preferides\"}]},{\"@type\":\"WebSite\",\"@id\":\"https:\/\/blog.germigarden.com\/ca\/#website\",\"url\":\"https:\/\/blog.germigarden.com\/ca\/\",\"name\":\"Blog de GermiGarden\",\"description\":\"El blog de tu garden online\",\"publisher\":{\"@id\":\"https:\/\/blog.germigarden.com\/ca\/#organization\"},\"potentialAction\":[{\"@type\":\"SearchAction\",\"target\":{\"@type\":\"EntryPoint\",\"urlTemplate\":\"https:\/\/blog.germigarden.com\/ca\/?s={search_term_string}\"},\"query-input\":\"required name=search_term_string\"}],\"inLanguage\":\"ca\"},{\"@type\":\"Organization\",\"@id\":\"https:\/\/blog.germigarden.com\/ca\/#organization\",\"name\":\"Blog de GermiGarden\",\"url\":\"https:\/\/blog.germigarden.com\/ca\/\",\"logo\":{\"@type\":\"ImageObject\",\"inLanguage\":\"ca\",\"@id\":\"https:\/\/blog.germigarden.com\/ca\/#\/schema\/logo\/image\/\",\"url\":\"https:\/\/blog.germigarden.com\/wp-content\/uploads\/2022\/04\/germigarden.png\",\"contentUrl\":\"https:\/\/blog.germigarden.com\/wp-content\/uploads\/2022\/04\/germigarden.png\",\"width\":252,\"height\":116,\"caption\":\"Blog de GermiGarden\"},\"image\":{\"@id\":\"https:\/\/blog.germigarden.com\/ca\/#\/schema\/logo\/image\/\"},\"sameAs\":[\"https:\/\/www.instagram.com\/germigarden\/?hl=es\",\"https:\/\/www.youtube.com\/channel\/UCZNxfjmIpZZFt1XYLH7vEOQ\"]},{\"@type\":\"Person\",\"@id\":\"https:\/\/blog.germigarden.com\/ca\/#\/schema\/person\/686f50a524e2347177e6b2cd3e7a827f\",\"name\":\"GermiGarden\",\"image\":{\"@type\":\"ImageObject\",\"inLanguage\":\"ca\",\"@id\":\"https:\/\/blog.germigarden.com\/ca\/#\/schema\/person\/image\/\",\"url\":\"https:\/\/secure.gravatar.com\/avatar\/a626aaa87d3e70ba460907a2ed89f656431172f7f0219bb6ba18a8866fdfa5a3?s=96&d=mm&r=g\",\"contentUrl\":\"https:\/\/secure.gravatar.com\/avatar\/a626aaa87d3e70ba460907a2ed89f656431172f7f0219bb6ba18a8866fdfa5a3?s=96&d=mm&r=g\",\"caption\":\"GermiGarden\"},\"sameAs\":[\"https:\/\/blog.germigarden.com\/\"]}]}<\/script>\n<!-- \/ Yoast SEO plugin. -->","yoast_head_json":{"title":"Tipus de cactus: les nostres prefeirdes - Germigarden | Blog","description":"A l'article d'avui, us farem un llistat de tipus de cactus i esp\u00e8cies que has de con\u00e8ixer per les seves espectaculars caracter\u00edstiques.","robots":{"index":"index","follow":"follow","max-snippet":"max-snippet:-1","max-image-preview":"max-image-preview:large","max-video-preview":"max-video-preview:-1"},"canonical":"https:\/\/blog.germigarden.com\/ca\/jardineria-ca\/tipus-de-cactus-les-nostres-especies-de-cactus-preferides\/","og_locale":"ca_ES","og_type":"article","og_title":"Tipus de cactus: les nostres prefeirdes - Germigarden | Blog","og_description":"A l'article d'avui, us farem un llistat de tipus de cactus i esp\u00e8cies que has de con\u00e8ixer per les seves espectaculars caracter\u00edstiques.","og_url":"https:\/\/blog.germigarden.com\/ca\/jardineria-ca\/tipus-de-cactus-les-nostres-especies-de-cactus-preferides\/","og_site_name":"Germigarden | Blog","article_publisher":"https:\/\/www.instagram.com\/germigarden\/?hl=es","article_published_time":"2022-07-27T13:02:52+00:00","article_modified_time":"2022-07-27T13:02:53+00:00","og_image":[{"width":2560,"height":1707,"url":"https:\/\/blog.germigarden.com\/wp-content\/uploads\/2022\/06\/christoph-von-gellhorn-kjA82leKmJc-unsplash-scaled.jpg","type":"image\/jpeg"}],"author":"GermiGarden","twitter_card":"summary_large_image","twitter_misc":{"Escrit per":"GermiGarden","Temps estimat de lectura":"10 minuts"},"schema":{"@context":"https:\/\/schema.org","@graph":[{"@type":"Article","@id":"https:\/\/blog.germigarden.com\/ca\/jardineria-ca\/tipus-de-cactus-les-nostres-especies-de-cactus-preferides\/#article","isPartOf":{"@id":"https:\/\/blog.germigarden.com\/ca\/jardineria-ca\/tipus-de-cactus-les-nostres-especies-de-cactus-preferides\/"},"author":{"name":"GermiGarden","@id":"https:\/\/blog.germigarden.com\/ca\/#\/schema\/person\/686f50a524e2347177e6b2cd3e7a827f"},"headline":"Tipus de cactus: les nostres esp\u00e8cies de cactus preferides","datePublished":"2022-07-27T13:02:52+00:00","dateModified":"2022-07-27T13:02:53+00:00","mainEntityOfPage":{"@id":"https:\/\/blog.germigarden.com\/ca\/jardineria-ca\/tipus-de-cactus-les-nostres-especies-de-cactus-preferides\/"},"wordCount":1679,"commentCount":0,"publisher":{"@id":"https:\/\/blog.germigarden.com\/ca\/#organization"},"keywords":["Cactus"],"articleSection":["Jardineria","Planta d'exterior"],"inLanguage":"ca","potentialAction":[{"@type":"CommentAction","name":"Comment","target":["https:\/\/blog.germigarden.com\/ca\/jardineria-ca\/tipus-de-cactus-les-nostres-especies-de-cactus-preferides\/#respond"]}]},{"@type":"WebPage","@id":"https:\/\/blog.germigarden.com\/ca\/jardineria-ca\/tipus-de-cactus-les-nostres-especies-de-cactus-preferides\/","url":"https:\/\/blog.germigarden.com\/ca\/jardineria-ca\/tipus-de-cactus-les-nostres-especies-de-cactus-preferides\/","name":"Tipus de cactus: les nostres prefeirdes - Germigarden | Blog","isPartOf":{"@id":"https:\/\/blog.germigarden.com\/ca\/#website"},"datePublished":"2022-07-27T13:02:52+00:00","dateModified":"2022-07-27T13:02:53+00:00","description":"A l'article d'avui, us farem un llistat de tipus de cactus i esp\u00e8cies que has de con\u00e8ixer per les seves espectaculars caracter\u00edstiques.","breadcrumb":{"@id":"https:\/\/blog.germigarden.com\/ca\/jardineria-ca\/tipus-de-cactus-les-nostres-especies-de-cactus-preferides\/#breadcrumb"},"inLanguage":"ca","potentialAction":[{"@type":"ReadAction","target":["https:\/\/blog.germigarden.com\/ca\/jardineria-ca\/tipus-de-cactus-les-nostres-especies-de-cactus-preferides\/"]}]},{"@type":"BreadcrumbList","@id":"https:\/\/blog.germigarden.com\/ca\/jardineria-ca\/tipus-de-cactus-les-nostres-especies-de-cactus-preferides\/#breadcrumb","itemListElement":[{"@type":"ListItem","position":1,"name":"Portada","item":"https:\/\/blog.germigarden.com\/ca\/"},{"@type":"ListItem","position":2,"name":"Tipus de cactus: les nostres esp\u00e8cies de cactus preferides"}]},{"@type":"WebSite","@id":"https:\/\/blog.germigarden.com\/ca\/#website","url":"https:\/\/blog.germigarden.com\/ca\/","name":"Blog de GermiGarden","description":"El blog de tu garden online","publisher":{"@id":"https:\/\/blog.germigarden.com\/ca\/#organization"},"potentialAction":[{"@type":"SearchAction","target":{"@type":"EntryPoint","urlTemplate":"https:\/\/blog.germigarden.com\/ca\/?s={search_term_string}"},"query-input":"required name=search_term_string"}],"inLanguage":"ca"},{"@type":"Organization","@id":"https:\/\/blog.germigarden.com\/ca\/#organization","name":"Blog de GermiGarden","url":"https:\/\/blog.germigarden.com\/ca\/","logo":{"@type":"ImageObject","inLanguage":"ca","@id":"https:\/\/blog.germigarden.com\/ca\/#\/schema\/logo\/image\/","url":"https:\/\/blog.germigarden.com\/wp-content\/uploads\/2022\/04\/germigarden.png","contentUrl":"https:\/\/blog.germigarden.com\/wp-content\/uploads\/2022\/04\/germigarden.png","width":252,"height":116,"caption":"Blog de GermiGarden"},"image":{"@id":"https:\/\/blog.germigarden.com\/ca\/#\/schema\/logo\/image\/"},"sameAs":["https:\/\/www.instagram.com\/germigarden\/?hl=es","https:\/\/www.youtube.com\/channel\/UCZNxfjmIpZZFt1XYLH7vEOQ"]},{"@type":"Person","@id":"https:\/\/blog.germigarden.com\/ca\/#\/schema\/person\/686f50a524e2347177e6b2cd3e7a827f","name":"GermiGarden","image":{"@type":"ImageObject","inLanguage":"ca","@id":"https:\/\/blog.germigarden.com\/ca\/#\/schema\/person\/image\/","url":"https:\/\/secure.gravatar.com\/avatar\/a626aaa87d3e70ba460907a2ed89f656431172f7f0219bb6ba18a8866fdfa5a3?s=96&d=mm&r=g","contentUrl":"https:\/\/secure.gravatar.com\/avatar\/a626aaa87d3e70ba460907a2ed89f656431172f7f0219bb6ba18a8866fdfa5a3?s=96&d=mm&r=g","caption":"GermiGarden"},"sameAs":["https:\/\/blog.germigarden.com\/"]}]}},"_links":{"self":[{"href":"https:\/\/blog.germigarden.com\/ca\/wp-json\/wp\/v2\/posts\/4468","targetHints":{"allow":["GET"]}}],"collection":[{"href":"https:\/\/blog.germigarden.com\/ca\/wp-json\/wp\/v2\/posts"}],"about":[{"href":"https:\/\/blog.germigarden.com\/ca\/wp-json\/wp\/v2\/types\/post"}],"author":[{"embeddable":true,"href":"https:\/\/blog.germigarden.com\/ca\/wp-json\/wp\/v2\/users\/2"}],"replies":[{"embeddable":true,"href":"https:\/\/blog.germigarden.com\/ca\/wp-json\/wp\/v2\/comments?post=4468"}],"version-history":[{"count":8,"href":"https:\/\/blog.germigarden.com\/ca\/wp-json\/wp\/v2\/posts\/4468\/revisions"}],"predecessor-version":[{"id":4524,"href":"https:\/\/blog.germigarden.com\/ca\/wp-json\/wp\/v2\/posts\/4468\/revisions\/4524"}],"wp:featuredmedia":[{"embeddable":true,"href":"https:\/\/blog.germigarden.com\/ca\/wp-json\/wp\/v2\/media\/4145"}],"wp:attachment":[{"href":"https:\/\/blog.germigarden.com\/ca\/wp-json\/wp\/v2\/media?parent=4468"}],"wp:term":[{"taxonomy":"category","embeddable":true,"href":"https:\/\/blog.germigarden.com\/ca\/wp-json\/wp\/v2\/categories?post=4468"},{"taxonomy":"post_tag","embeddable":true,"href":"https:\/\/blog.germigarden.com\/ca\/wp-json\/wp\/v2\/tags?post=4468"}],"curies":[{"name":"wp","href":"https:\/\/api.w.org\/{rel}","templated":true}]}}