{"id":789,"date":"2022-02-08T07:00:38","date_gmt":"2022-02-08T05:00:38","guid":{"rendered":"https:\/\/blog.germigarden.com\/?p=789"},"modified":"2023-02-18T10:59:14","modified_gmt":"2023-02-18T08:59:14","slug":"5-idees-de-regals-per-aquest-sant-valenti","status":"publish","type":"post","link":"https:\/\/blog.germigarden.com\/ca\/jardineria-ca\/5-idees-de-regals-per-aquest-sant-valenti\/","title":{"rendered":"5 idees de regals per aquest Sant Valent\u00ed"},"content":{"rendered":"\n<p>Quan queda poc per Sant Valent\u00ed comencen aquestes preguntes que ens posen tan nerviosos: Qu\u00e8 li regalar\u00e9? Segur que li agradar\u00e0? Sempre podeu acompanyar la vostra sorpresa amb una planta. Des del blog de GermiGarden, t&#8217;animem a regalar plantes i flors. Regalar plantes \u00e9s s\u00edmbol que confies en aquesta persona i que creus que \u00e9s responsable. Cada flor t\u00e9 el seu significat i cada color tamb\u00e9 aix\u00ed que ser\u00e0 la teva decisi\u00f3 escollir el color que m\u00e9s s&#8217;adeq\u00fci a la teva mitja taronja. El que s\u00ed que et podem recomanar s\u00f3n aquestes idees de <a href=\"https:\/\/www.germigarden.com\/ca\/998-planta-especial-sant-valenti\">plantes per regalar a Sant Valent\u00ed<\/a>.<\/p>\n\n\n\n<p>Orqu\u00eddia<\/p>\n\n\n\n<p>Aquesta bella planta \u00e9s un regal preci\u00f3s i ideal per a aquestes dates, ja que floreix a la primavera. \u00c9s elegant, alta i existeixen de diferents colors. Liles, blanques, rosades&#8230; a m\u00e9s, n&#8217;hi ha d&#8217;una sola vara, dues o tres. \u00c9s una planta cl\u00e0ssica per regalar perqu\u00e8, si trobes un bon lloc a casa, et duraran molt. El lloc ideal \u00e9s en una habitaci\u00f3 que tingui molta llum, per\u00f2 intentar que no tingui gaire sol directe. Et duraran entre 4 i 7 anys a interiors.<\/p>\n\n\n\n<figure class=\"wp-block-image size-medium is-resized\"><img decoding=\"async\" src=\"https:\/\/blog.germigarden.com\/wp-content\/uploads\/2022\/02\/IMG_2410-edited-300x300.jpg\" alt=\"\" class=\"wp-image-787\" width=\"300\" height=\"300\"\/><\/figure>\n\n\n\n<p>Anturium<\/p>\n\n\n\n<p>L&#8217;anturium \u00e9s una planta preciosa amb la seva peculiaritat que t\u00e9 les fulles ovalades amb forma de cor. \u00c9s una planta tropical, per tant, necessitar\u00e0 una exposici\u00f3 a la llum alta per\u00f2 indirecta. Una humitat alta i una temperatura alta. Es recomana posar-hi en interior.<\/p>\n\n\n\n<figure class=\"wp-block-image size-medium\"><img decoding=\"async\" width=\"300\" height=\"225\" src=\"https:\/\/blog.germigarden.com\/wp-content\/uploads\/2022\/01\/IMG_2106-300x225.jpg\" alt=\"\" class=\"wp-image-292\"\/><\/figure>\n\n\n\n<p>Hoya kerry o planta del cor<\/p>\n\n\n\n<p>Les hoyes s\u00f3n unes plantes de la fam\u00edlia de les crasses que tenen la particularitat que fan una fulla amb forma de cor. \u00c9s una planta tropical que necessita un ambient humit, per tant, caldr\u00e0 de tant en tant polvoritzar-les. Aix\u00f2 no vol dir que cal regar-les molt. Nom\u00e9s regar-les quan estigui sec.<\/p>\n\n\n\n<figure class=\"wp-block-image size-medium\"><img decoding=\"async\" src=\"https:\/\/blog.germigarden.com\/wp-content\/uploads\/2022\/01\/Hoyas-Kerry-totes-horitzontal-300x225.png\" alt=\"\" class=\"wp-image-301\"\/><\/figure>\n\n\n\n<p>Hoya australiaca<\/p>\n\n\n\n<p>Una altra hoya en aquest cas \u00e9s una foia amb un tronc molt m\u00e9s definit. Aquestes plantes, igual que les seves germanes, les hoyes kerri necessiten una humitat alta. Aquesta planta \u00e9s molt m\u00e9s vistosa i si es troba en una zona c\u00e0lida i humida ser\u00e0 molt duradora.<\/p>\n\n\n\n<figure class=\"wp-block-image size-medium\"><img decoding=\"async\" width=\"300\" height=\"225\" src=\"https:\/\/blog.germigarden.com\/wp-content\/uploads\/2022\/01\/IMG_2390-1-300x225.jpg\" alt=\"\" class=\"wp-image-304\"\/><\/figure>\n\n\n\n<p>Violeta africana<\/p>\n\n\n\n<p>\u00c9s una planta d&#8217;interior preciosa. T\u00e9 unes flors petites en forma de ramells de diferents colors: liles, rosats, blavosos, blancs. \u00c9s de f\u00e0cil cultiu, necessita molta llum, per\u00f2 indirecta i poca aigua.<\/p>\n\n\n\n<figure class=\"wp-block-image size-medium is-resized\"><img decoding=\"async\" src=\"https:\/\/blog.germigarden.com\/wp-content\/uploads\/2022\/01\/IMG_2134-png-225x300.png\" alt=\"\" class=\"wp-image-307\" width=\"258\" height=\"344\"\/><\/figure>\n\n\n\n<p>Com sempre t&#8217;animem a consultar la nostra botiga per tenir una visi\u00f3 m\u00e9s \u00e0mplia de les opcions que tens per regalar. Tamb\u00e9 que ens diguis que de qu\u00e8 t&#8217;interessa que parlem, proposar temes que t&#8217;agradin \u00e9s de gran ajuda i t&#8217;explicarem la nostra experi\u00e8ncia com a professionals al sector de la jardineria.<\/p>\n","protected":false},"excerpt":{"rendered":"<p>Quan queda poc per Sant Valent\u00ed comencen aquestes preguntes que ens posen tan nerviosos: Qu\u00e8 li regalar\u00e9? Segur que li agradar\u00e0? Sempre podeu acompanyar la vostra sorpresa amb una planta. Des del blog de GermiGarden, t&#8217;animem a regalar plantes i flors. Regalar plantes \u00e9s s\u00edmbol que confies en aquesta persona i que creus que \u00e9s [&hellip;]<\/p>\n","protected":false},"author":2,"featured_media":805,"comment_status":"open","ping_status":"open","sticky":false,"template":"","format":"standard","meta":{"_et_pb_use_builder":"off","_et_pb_old_content":"","_et_gb_content_width":"","footnotes":""},"categories":[43,63],"tags":[87,88],"class_list":["post-789","post","type-post","status-publish","format-standard","has-post-thumbnail","hentry","category-jardineria-ca","category-planta-interior-ca","tag-dia-dels-enamorats-san-valentin","tag-sant-valenti"],"yoast_head":"<!-- This site is optimized with the Yoast SEO plugin v20.5 - https:\/\/yoast.com\/wordpress\/plugins\/seo\/ -->\n<title>5 idees de regals per aquest Sant Valent\u00ed - GermiGarden<\/title>\n<meta name=\"robots\" content=\"index, follow, max-snippet:-1, max-image-preview:large, max-video-preview:-1\" \/>\n<link rel=\"canonical\" href=\"https:\/\/blog.germigarden.com\/ca\/jardineria-ca\/5-idees-de-regals-per-aquest-sant-valenti\/\" \/>\n<meta property=\"og:locale\" content=\"ca_ES\" \/>\n<meta property=\"og:type\" content=\"article\" \/>\n<meta property=\"og:title\" content=\"5 idees de regals per aquest Sant Valent\u00ed - GermiGarden\" \/>\n<meta property=\"og:description\" content=\"Quan queda poc per Sant Valent\u00ed comencen aquestes preguntes que ens posen tan nerviosos: Qu\u00e8 li regalar\u00e9? Segur que li agradar\u00e0? Sempre podeu acompanyar la vostra sorpresa amb una planta. Des del blog de GermiGarden, t&#8217;animem a regalar plantes i flors. Regalar plantes \u00e9s s\u00edmbol que confies en aquesta persona i que creus que \u00e9s [&hellip;]\" \/>\n<meta property=\"og:url\" content=\"https:\/\/blog.germigarden.com\/ca\/jardineria-ca\/5-idees-de-regals-per-aquest-sant-valenti\/\" \/>\n<meta property=\"og:site_name\" content=\"Germigarden | Blog\" \/>\n<meta property=\"article:publisher\" content=\"https:\/\/www.instagram.com\/germigarden\/?hl=es\" \/>\n<meta property=\"article:published_time\" content=\"2022-02-08T05:00:38+00:00\" \/>\n<meta property=\"article:modified_time\" content=\"2023-02-18T08:59:14+00:00\" \/>\n<meta property=\"og:image\" content=\"https:\/\/blog.germigarden.com\/wp-content\/uploads\/2022\/02\/freestocks-Y9mWkERHYCU-unsplash-scaled.jpg\" \/>\n\t<meta property=\"og:image:width\" content=\"2560\" \/>\n\t<meta property=\"og:image:height\" content=\"1707\" \/>\n\t<meta property=\"og:image:type\" content=\"image\/jpeg\" \/>\n<meta name=\"author\" content=\"GermiGarden\" \/>\n<meta name=\"twitter:card\" content=\"summary_large_image\" \/>\n<meta name=\"twitter:label1\" content=\"Escrit per\" \/>\n\t<meta name=\"twitter:data1\" content=\"GermiGarden\" \/>\n\t<meta name=\"twitter:label2\" content=\"Temps estimat de lectura\" \/>\n\t<meta name=\"twitter:data2\" content=\"2 minuts\" \/>\n<script type=\"application\/ld+json\" class=\"yoast-schema-graph\">{\"@context\":\"https:\/\/schema.org\",\"@graph\":[{\"@type\":\"Article\",\"@id\":\"https:\/\/blog.germigarden.com\/ca\/jardineria-ca\/5-idees-de-regals-per-aquest-sant-valenti\/#article\",\"isPartOf\":{\"@id\":\"https:\/\/blog.germigarden.com\/ca\/jardineria-ca\/5-idees-de-regals-per-aquest-sant-valenti\/\"},\"author\":{\"name\":\"GermiGarden\",\"@id\":\"https:\/\/blog.germigarden.com\/ca\/#\/schema\/person\/686f50a524e2347177e6b2cd3e7a827f\"},\"headline\":\"5 idees de regals per aquest Sant Valent\u00ed\",\"datePublished\":\"2022-02-08T05:00:38+00:00\",\"dateModified\":\"2023-02-18T08:59:14+00:00\",\"mainEntityOfPage\":{\"@id\":\"https:\/\/blog.germigarden.com\/ca\/jardineria-ca\/5-idees-de-regals-per-aquest-sant-valenti\/\"},\"wordCount\":449,\"commentCount\":0,\"publisher\":{\"@id\":\"https:\/\/blog.germigarden.com\/ca\/#organization\"},\"keywords\":[\"Dia dels enamorats\",\"Sant Valent\u00ed\"],\"articleSection\":[\"Jardineria\",\"Planta d'interior\"],\"inLanguage\":\"ca\",\"potentialAction\":[{\"@type\":\"CommentAction\",\"name\":\"Comment\",\"target\":[\"https:\/\/blog.germigarden.com\/ca\/jardineria-ca\/5-idees-de-regals-per-aquest-sant-valenti\/#respond\"]}]},{\"@type\":\"WebPage\",\"@id\":\"https:\/\/blog.germigarden.com\/ca\/jardineria-ca\/5-idees-de-regals-per-aquest-sant-valenti\/\",\"url\":\"https:\/\/blog.germigarden.com\/ca\/jardineria-ca\/5-idees-de-regals-per-aquest-sant-valenti\/\",\"name\":\"5 idees de regals per aquest Sant Valent\u00ed - GermiGarden\",\"isPartOf\":{\"@id\":\"https:\/\/blog.germigarden.com\/ca\/#website\"},\"datePublished\":\"2022-02-08T05:00:38+00:00\",\"dateModified\":\"2023-02-18T08:59:14+00:00\",\"breadcrumb\":{\"@id\":\"https:\/\/blog.germigarden.com\/ca\/jardineria-ca\/5-idees-de-regals-per-aquest-sant-valenti\/#breadcrumb\"},\"inLanguage\":\"ca\",\"potentialAction\":[{\"@type\":\"ReadAction\",\"target\":[\"https:\/\/blog.germigarden.com\/ca\/jardineria-ca\/5-idees-de-regals-per-aquest-sant-valenti\/\"]}]},{\"@type\":\"BreadcrumbList\",\"@id\":\"https:\/\/blog.germigarden.com\/ca\/jardineria-ca\/5-idees-de-regals-per-aquest-sant-valenti\/#breadcrumb\",\"itemListElement\":[{\"@type\":\"ListItem\",\"position\":1,\"name\":\"Portada\",\"item\":\"https:\/\/blog.germigarden.com\/ca\/\"},{\"@type\":\"ListItem\",\"position\":2,\"name\":\"5 idees de regals per aquest Sant Valent\u00ed\"}]},{\"@type\":\"WebSite\",\"@id\":\"https:\/\/blog.germigarden.com\/ca\/#website\",\"url\":\"https:\/\/blog.germigarden.com\/ca\/\",\"name\":\"Blog de GermiGarden\",\"description\":\"El blog de tu garden online\",\"publisher\":{\"@id\":\"https:\/\/blog.germigarden.com\/ca\/#organization\"},\"potentialAction\":[{\"@type\":\"SearchAction\",\"target\":{\"@type\":\"EntryPoint\",\"urlTemplate\":\"https:\/\/blog.germigarden.com\/ca\/?s={search_term_string}\"},\"query-input\":\"required name=search_term_string\"}],\"inLanguage\":\"ca\"},{\"@type\":\"Organization\",\"@id\":\"https:\/\/blog.germigarden.com\/ca\/#organization\",\"name\":\"Blog de GermiGarden\",\"url\":\"https:\/\/blog.germigarden.com\/ca\/\",\"logo\":{\"@type\":\"ImageObject\",\"inLanguage\":\"ca\",\"@id\":\"https:\/\/blog.germigarden.com\/ca\/#\/schema\/logo\/image\/\",\"url\":\"https:\/\/blog.germigarden.com\/wp-content\/uploads\/2022\/04\/germigarden.png\",\"contentUrl\":\"https:\/\/blog.germigarden.com\/wp-content\/uploads\/2022\/04\/germigarden.png\",\"width\":252,\"height\":116,\"caption\":\"Blog de GermiGarden\"},\"image\":{\"@id\":\"https:\/\/blog.germigarden.com\/ca\/#\/schema\/logo\/image\/\"},\"sameAs\":[\"https:\/\/www.instagram.com\/germigarden\/?hl=es\",\"https:\/\/www.youtube.com\/channel\/UCZNxfjmIpZZFt1XYLH7vEOQ\"]},{\"@type\":\"Person\",\"@id\":\"https:\/\/blog.germigarden.com\/ca\/#\/schema\/person\/686f50a524e2347177e6b2cd3e7a827f\",\"name\":\"GermiGarden\",\"image\":{\"@type\":\"ImageObject\",\"inLanguage\":\"ca\",\"@id\":\"https:\/\/blog.germigarden.com\/ca\/#\/schema\/person\/image\/\",\"url\":\"https:\/\/secure.gravatar.com\/avatar\/a626aaa87d3e70ba460907a2ed89f656431172f7f0219bb6ba18a8866fdfa5a3?s=96&d=mm&r=g\",\"contentUrl\":\"https:\/\/secure.gravatar.com\/avatar\/a626aaa87d3e70ba460907a2ed89f656431172f7f0219bb6ba18a8866fdfa5a3?s=96&d=mm&r=g\",\"caption\":\"GermiGarden\"},\"sameAs\":[\"https:\/\/blog.germigarden.com\/\"]}]}<\/script>\n<!-- \/ Yoast SEO plugin. -->","yoast_head_json":{"title":"5 idees de regals per aquest Sant Valent\u00ed - GermiGarden","robots":{"index":"index","follow":"follow","max-snippet":"max-snippet:-1","max-image-preview":"max-image-preview:large","max-video-preview":"max-video-preview:-1"},"canonical":"https:\/\/blog.germigarden.com\/ca\/jardineria-ca\/5-idees-de-regals-per-aquest-sant-valenti\/","og_locale":"ca_ES","og_type":"article","og_title":"5 idees de regals per aquest Sant Valent\u00ed - GermiGarden","og_description":"Quan queda poc per Sant Valent\u00ed comencen aquestes preguntes que ens posen tan nerviosos: Qu\u00e8 li regalar\u00e9? Segur que li agradar\u00e0? Sempre podeu acompanyar la vostra sorpresa amb una planta. Des del blog de GermiGarden, t&#8217;animem a regalar plantes i flors. Regalar plantes \u00e9s s\u00edmbol que confies en aquesta persona i que creus que \u00e9s [&hellip;]","og_url":"https:\/\/blog.germigarden.com\/ca\/jardineria-ca\/5-idees-de-regals-per-aquest-sant-valenti\/","og_site_name":"Germigarden | Blog","article_publisher":"https:\/\/www.instagram.com\/germigarden\/?hl=es","article_published_time":"2022-02-08T05:00:38+00:00","article_modified_time":"2023-02-18T08:59:14+00:00","og_image":[{"width":2560,"height":1707,"url":"https:\/\/blog.germigarden.com\/wp-content\/uploads\/2022\/02\/freestocks-Y9mWkERHYCU-unsplash-scaled.jpg","type":"image\/jpeg"}],"author":"GermiGarden","twitter_card":"summary_large_image","twitter_misc":{"Escrit per":"GermiGarden","Temps estimat de lectura":"2 minuts"},"schema":{"@context":"https:\/\/schema.org","@graph":[{"@type":"Article","@id":"https:\/\/blog.germigarden.com\/ca\/jardineria-ca\/5-idees-de-regals-per-aquest-sant-valenti\/#article","isPartOf":{"@id":"https:\/\/blog.germigarden.com\/ca\/jardineria-ca\/5-idees-de-regals-per-aquest-sant-valenti\/"},"author":{"name":"GermiGarden","@id":"https:\/\/blog.germigarden.com\/ca\/#\/schema\/person\/686f50a524e2347177e6b2cd3e7a827f"},"headline":"5 idees de regals per aquest Sant Valent\u00ed","datePublished":"2022-02-08T05:00:38+00:00","dateModified":"2023-02-18T08:59:14+00:00","mainEntityOfPage":{"@id":"https:\/\/blog.germigarden.com\/ca\/jardineria-ca\/5-idees-de-regals-per-aquest-sant-valenti\/"},"wordCount":449,"commentCount":0,"publisher":{"@id":"https:\/\/blog.germigarden.com\/ca\/#organization"},"keywords":["Dia dels enamorats","Sant Valent\u00ed"],"articleSection":["Jardineria","Planta d'interior"],"inLanguage":"ca","potentialAction":[{"@type":"CommentAction","name":"Comment","target":["https:\/\/blog.germigarden.com\/ca\/jardineria-ca\/5-idees-de-regals-per-aquest-sant-valenti\/#respond"]}]},{"@type":"WebPage","@id":"https:\/\/blog.germigarden.com\/ca\/jardineria-ca\/5-idees-de-regals-per-aquest-sant-valenti\/","url":"https:\/\/blog.germigarden.com\/ca\/jardineria-ca\/5-idees-de-regals-per-aquest-sant-valenti\/","name":"5 idees de regals per aquest Sant Valent\u00ed - GermiGarden","isPartOf":{"@id":"https:\/\/blog.germigarden.com\/ca\/#website"},"datePublished":"2022-02-08T05:00:38+00:00","dateModified":"2023-02-18T08:59:14+00:00","breadcrumb":{"@id":"https:\/\/blog.germigarden.com\/ca\/jardineria-ca\/5-idees-de-regals-per-aquest-sant-valenti\/#breadcrumb"},"inLanguage":"ca","potentialAction":[{"@type":"ReadAction","target":["https:\/\/blog.germigarden.com\/ca\/jardineria-ca\/5-idees-de-regals-per-aquest-sant-valenti\/"]}]},{"@type":"BreadcrumbList","@id":"https:\/\/blog.germigarden.com\/ca\/jardineria-ca\/5-idees-de-regals-per-aquest-sant-valenti\/#breadcrumb","itemListElement":[{"@type":"ListItem","position":1,"name":"Portada","item":"https:\/\/blog.germigarden.com\/ca\/"},{"@type":"ListItem","position":2,"name":"5 idees de regals per aquest Sant Valent\u00ed"}]},{"@type":"WebSite","@id":"https:\/\/blog.germigarden.com\/ca\/#website","url":"https:\/\/blog.germigarden.com\/ca\/","name":"Blog de GermiGarden","description":"El blog de tu garden online","publisher":{"@id":"https:\/\/blog.germigarden.com\/ca\/#organization"},"potentialAction":[{"@type":"SearchAction","target":{"@type":"EntryPoint","urlTemplate":"https:\/\/blog.germigarden.com\/ca\/?s={search_term_string}"},"query-input":"required name=search_term_string"}],"inLanguage":"ca"},{"@type":"Organization","@id":"https:\/\/blog.germigarden.com\/ca\/#organization","name":"Blog de GermiGarden","url":"https:\/\/blog.germigarden.com\/ca\/","logo":{"@type":"ImageObject","inLanguage":"ca","@id":"https:\/\/blog.germigarden.com\/ca\/#\/schema\/logo\/image\/","url":"https:\/\/blog.germigarden.com\/wp-content\/uploads\/2022\/04\/germigarden.png","contentUrl":"https:\/\/blog.germigarden.com\/wp-content\/uploads\/2022\/04\/germigarden.png","width":252,"height":116,"caption":"Blog de GermiGarden"},"image":{"@id":"https:\/\/blog.germigarden.com\/ca\/#\/schema\/logo\/image\/"},"sameAs":["https:\/\/www.instagram.com\/germigarden\/?hl=es","https:\/\/www.youtube.com\/channel\/UCZNxfjmIpZZFt1XYLH7vEOQ"]},{"@type":"Person","@id":"https:\/\/blog.germigarden.com\/ca\/#\/schema\/person\/686f50a524e2347177e6b2cd3e7a827f","name":"GermiGarden","image":{"@type":"ImageObject","inLanguage":"ca","@id":"https:\/\/blog.germigarden.com\/ca\/#\/schema\/person\/image\/","url":"https:\/\/secure.gravatar.com\/avatar\/a626aaa87d3e70ba460907a2ed89f656431172f7f0219bb6ba18a8866fdfa5a3?s=96&d=mm&r=g","contentUrl":"https:\/\/secure.gravatar.com\/avatar\/a626aaa87d3e70ba460907a2ed89f656431172f7f0219bb6ba18a8866fdfa5a3?s=96&d=mm&r=g","caption":"GermiGarden"},"sameAs":["https:\/\/blog.germigarden.com\/"]}]}},"_links":{"self":[{"href":"https:\/\/blog.germigarden.com\/ca\/wp-json\/wp\/v2\/posts\/789","targetHints":{"allow":["GET"]}}],"collection":[{"href":"https:\/\/blog.germigarden.com\/ca\/wp-json\/wp\/v2\/posts"}],"about":[{"href":"https:\/\/blog.germigarden.com\/ca\/wp-json\/wp\/v2\/types\/post"}],"author":[{"embeddable":true,"href":"https:\/\/blog.germigarden.com\/ca\/wp-json\/wp\/v2\/users\/2"}],"replies":[{"embeddable":true,"href":"https:\/\/blog.germigarden.com\/ca\/wp-json\/wp\/v2\/comments?post=789"}],"version-history":[{"count":8,"href":"https:\/\/blog.germigarden.com\/ca\/wp-json\/wp\/v2\/posts\/789\/revisions"}],"predecessor-version":[{"id":1024,"href":"https:\/\/blog.germigarden.com\/ca\/wp-json\/wp\/v2\/posts\/789\/revisions\/1024"}],"wp:featuredmedia":[{"embeddable":true,"href":"https:\/\/blog.germigarden.com\/ca\/wp-json\/wp\/v2\/media\/805"}],"wp:attachment":[{"href":"https:\/\/blog.germigarden.com\/ca\/wp-json\/wp\/v2\/media?parent=789"}],"wp:term":[{"taxonomy":"category","embeddable":true,"href":"https:\/\/blog.germigarden.com\/ca\/wp-json\/wp\/v2\/categories?post=789"},{"taxonomy":"post_tag","embeddable":true,"href":"https:\/\/blog.germigarden.com\/ca\/wp-json\/wp\/v2\/tags?post=789"}],"curies":[{"name":"wp","href":"https:\/\/api.w.org\/{rel}","templated":true}]}}