{"id":8027,"date":"2024-02-29T14:55:29","date_gmt":"2024-02-29T12:55:29","guid":{"rendered":"https:\/\/blog.germigarden.com\/?p=8027"},"modified":"2024-02-29T14:55:32","modified_gmt":"2024-02-29T12:55:32","slug":"calendrier-de-graines","status":"publish","type":"post","link":"https:\/\/blog.germigarden.com\/fr\/non-classifiee\/calendrier-de-graines\/","title":{"rendered":"Calendrier des semis de graines 2024"},"content":{"rendered":"\n<p>Dans l&#8217;article d&#8217;aujourd&#8217;hui, nous vous pr\u00e9sentons un calendrier de plantation horticole. Ce calendrier vous aidera \u00e0 savoir quelles graines planter dans les prochains jours de l&#8217;ann\u00e9e. Une bonne fa\u00e7on d\u2019avoir des l\u00e9gumes de saison est de les planter au bon moment. Vous pouvez <a href=\"https:\/\/www.germigarden.com\/fr\/42-graines\">acheter des graines chez GermiGarden<\/a> de tous types.<\/p>\n\n\n\n<p>Selon l&#8217;endroit o\u00f9 vous vivez et le climat dont vous disposez, vous pouvez planter certaines de ces plantes plus t\u00f4t ou plus tard. Par exemple. Beaucoup de plantes qui sont plant\u00e9es pendant les mois d&#8217;hiver, si vous vivez dans une r\u00e9gion tr\u00e8s chaude, vous pouvez les planter plus t\u00f4t et, par cons\u00e9quent, la plantation peut \u00eatre faite \u00e0 l&#8217;avance, cependant, si vous vivez dans une r\u00e9gion tr\u00e8s froide, si Si vous faites la plantation lorsque le calendrier l&#8217;indique, il se peut que lorsque le plant sera pr\u00eat \u00e0 \u00eatre plant\u00e9, il fera trop froid. Dans les zones chaudes, les plantes se d\u00e9veloppent plus rapidement et, par cons\u00e9quent, elles pousseront plus vite.<\/p>\n\n\n\n<p>G\u00e9n\u00e9ralement, entre l\u2019hiver et le d\u00e9but du printemps, la plupart des l\u00e9gumes r\u00e9colt\u00e9s en \u00e9t\u00e9 sont plant\u00e9s. \u00c0 la fin de l&#8217;\u00e9t\u00e9 et au d\u00e9but de l&#8217;automne, les plantes sont sem\u00e9es et r\u00e9colt\u00e9es en hiver et au d\u00e9but du printemps.<\/p>\n\n\n\n<p>Gardez ces conseils \u00e0 l\u2019esprit lors de la plantation dans votre jardin. Si vous avez besoin de plus d\u2019informations sur la fa\u00e7on de planter des graines dans votre jardin ou sur les plantes et l\u00e9gumes qui se marient bien, consultez nos articles.<br>\u200b<\/p>\n\n\n\n<figure class=\"wp-block-image size-large is-style-default\"><img decoding=\"async\" width=\"1024\" height=\"768\" src=\"https:\/\/blog.germigarden.com\/wp-content\/uploads\/2022\/08\/greenforce-staffing-bYZn_C-RswQ-unsplash-1-edited-1024x768.jpg\" alt=\"\" class=\"wp-image-7664\"\/><\/figure>\n\n\n\n<p>L\u00e9gumes courants \u00e0 planter selon les mois :<\/p>\n\n\n\n<p><strong>Janvier:<\/strong> Ail, Aubergine, Oignon, Pois, Haricot, Tomate<\/p>\n\n\n\n<p><strong>F\u00e9vrie<\/strong>r: C\u00e9leri, Aubergine, Oignon, Panais, Endive, \u00c9pinard, Pois, Haricot, Laitue, Pomme de terre, Tomate<\/p>\n\n\n\n<p><strong>Mars<\/strong>: Bettes, C\u00e9leri, Aubergine, Cresson, Courgette, Citrouille, Oignon, Panais, Endive, Asperges, \u00c9pinard, Fraise, Laitue, Ma\u00efs, Melon, Navet, Gombo, Pomme de terre, Concombre, Poivre, poireau, un radis, Betterave, roquette, Melon d&#8217;eau, Tomate, Carotte<\/p>\n\n\n\n<p><strong>Avril<\/strong>: Bettes, C\u00e9leri, Aubergines, Cresson, Courgettes, Potiron, Panais, Endives, Asperges, \u00c9pinards, Fraise, Haricots, Laitue, Ma\u00efs, Melon, Navet, Gombo, Concombre, Poivre, Poireaux, Radis, Betterave, Roquette, Past\u00e8que, Tomate, Carotte<\/p>\n\n\n\n<p><strong>Mai<\/strong>\u00a0: blettes, c\u00e9leri, cresson, courgettes, citrouille, panais, asperges, \u00e9pinards, haricots, laitue, ma\u00efs, melon, gombo, concombre, poivre, poireau, radis, betterave, roquette, past\u00e8que, tomate, carotte.<\/p>\n\n\n\n<p><strong>Juin<\/strong> : C\u00e9leri, Courgette, Panais, Chou-fleur, Endive, Haricot, Laitue, Ma\u00efs, Gombo, Concombre, Romanesco, Roquette, Tomate<\/p>\n\n\n\n<p><strong>Juillet<\/strong> : Chicor\u00e9e, Bourrache, Brocoli, Courgette, m\u00e2che, Panais, Chou, Chou-fleur, Endive, Fraise, Fenouil, Haricot, Gombo, Radis, Romanesco, Roquette, Carotte<\/p>\n\n\n\n<p><strong>Ao\u00fbt <\/strong>: Blette, Chicor\u00e9e, Artichaut, Brocoli, Bourrache, Cal\u00e7ot, m\u00e2che, Chardon, Oignon, Panais, Chou, Chou-fleur, Endive, \u00c9pinards, Fraise, F\u00e8ve, Fenouil, Laitue, Navet, Poireau, Radis, Betterave, Romanesco, Roquette, Carotte<\/p>\n\n\n\n<p><strong>Septembre<\/strong> : Blette, Chicor\u00e9e, Artichaut, Brocoli, Bourrache, m\u00e2che, Chardon, Cal\u00e7ot, Oignon, Panais, Chou, Chou-fleur, \u00c9pinards, Fraise, F\u00e8ve, Laitue, Navet, Poireau, Radis, Roquette, Carotte<\/p>\n\n\n\n<p><strong>Octobre<\/strong> : Blette, Chicor\u00e9e, Artichaut, Bourrache, M\u00e2che, Chardon, Oignon, Chou, \u00c9pinards, Petits Pois, F\u00e8ve, Laitue, Radis, Carotte<\/p>\n\n\n\n<p><strong>Novembre<\/strong>\u00a0: ail, oignon, chou, pois, haricot, laitue, radis<\/p>\n\n\n\n<p><strong>D\u00e9cembre<\/strong>\u00a0: ail, oignon, pois, haricot, laitue, un radis<\/p>\n\n\n\n<p>\u00cates-vous pr\u00eat \u00e0 planter ce dont vous avez besoin ce mois-ci ? Si vous avez des questions sur comment planter ou comment organiser votre jardin en fonction de l&#8217;association de vos l\u00e9gumes, consultez nos articles. Si vous avez d&#8217;autres questions sur les graines \u00e0 semer, contactez-nous.<\/p>\n\n\n\n<p><br><\/p>\n","protected":false},"excerpt":{"rendered":"<p>Dans l&#8217;article d&#8217;aujourd&#8217;hui, nous vous pr\u00e9sentons un calendrier de plantation horticole. Ce calendrier vous aidera \u00e0 savoir quelles graines planter dans les prochains jours de l&#8217;ann\u00e9e. Une bonne fa\u00e7on d\u2019avoir des l\u00e9gumes de saison est de les planter au bon moment. Vous pouvez acheter des graines chez GermiGarden de tous types. Selon l&#8217;endroit o\u00f9 vous [&hellip;]<\/p>\n","protected":false},"author":2,"featured_media":7664,"comment_status":"open","ping_status":"open","sticky":false,"template":"","format":"standard","meta":{"_et_pb_use_builder":"","_et_pb_old_content":"","_et_gb_content_width":"","footnotes":""},"categories":[484],"tags":[],"class_list":["post-8027","post","type-post","status-publish","format-standard","has-post-thumbnail","hentry","category-non-classifiee"],"yoast_head":"<!-- This site is optimized with the Yoast SEO plugin v20.5 - https:\/\/yoast.com\/wordpress\/plugins\/seo\/ -->\n<title>Calendrier des semis de graines 2024 - Calendrier de graines<\/title>\n<meta name=\"description\" content=\"Ce calendrier vous aidera \u00e0 savoir quelles graines planter dans les prochains jours de l&#039;ann\u00e9e. Que plantons-nous ce mois-ci ?\" \/>\n<meta name=\"robots\" content=\"index, follow, max-snippet:-1, max-image-preview:large, max-video-preview:-1\" \/>\n<link rel=\"canonical\" href=\"https:\/\/blog.germigarden.com\/fr\/non-classifiee\/calendrier-de-graines\/\" \/>\n<meta property=\"og:locale\" content=\"fr_FR\" \/>\n<meta property=\"og:type\" content=\"article\" \/>\n<meta property=\"og:title\" content=\"Calendrier des semis de graines 2024 - Calendrier de graines\" \/>\n<meta property=\"og:description\" content=\"Ce calendrier vous aidera \u00e0 savoir quelles graines planter dans les prochains jours de l&#039;ann\u00e9e. Que plantons-nous ce mois-ci ?\" \/>\n<meta property=\"og:url\" content=\"https:\/\/blog.germigarden.com\/fr\/non-classifiee\/calendrier-de-graines\/\" \/>\n<meta property=\"og:site_name\" content=\"Germigarden | Blog\" \/>\n<meta property=\"article:publisher\" content=\"https:\/\/www.instagram.com\/germigarden\/?hl=es\" \/>\n<meta property=\"article:published_time\" content=\"2024-02-29T12:55:29+00:00\" \/>\n<meta property=\"article:modified_time\" content=\"2024-02-29T12:55:32+00:00\" \/>\n<meta property=\"og:image\" content=\"https:\/\/blog.germigarden.com\/wp-content\/uploads\/2022\/08\/greenforce-staffing-bYZn_C-RswQ-unsplash-1-edited-scaled.jpg\" \/>\n\t<meta property=\"og:image:width\" content=\"800\" \/>\n\t<meta property=\"og:image:height\" content=\"600\" \/>\n\t<meta property=\"og:image:type\" content=\"image\/jpeg\" \/>\n<meta name=\"author\" content=\"GermiGarden\" \/>\n<meta name=\"twitter:card\" content=\"summary_large_image\" \/>\n<meta name=\"twitter:label1\" content=\"\u00c9crit par\" \/>\n\t<meta name=\"twitter:data1\" content=\"GermiGarden\" \/>\n\t<meta name=\"twitter:label2\" content=\"Dur\u00e9e de lecture estim\u00e9e\" \/>\n\t<meta name=\"twitter:data2\" content=\"3 minutes\" \/>\n<script type=\"application\/ld+json\" class=\"yoast-schema-graph\">{\"@context\":\"https:\/\/schema.org\",\"@graph\":[{\"@type\":\"Article\",\"@id\":\"https:\/\/blog.germigarden.com\/fr\/non-classifiee\/calendrier-de-graines\/#article\",\"isPartOf\":{\"@id\":\"https:\/\/blog.germigarden.com\/fr\/non-classifiee\/calendrier-de-graines\/\"},\"author\":{\"name\":\"GermiGarden\",\"@id\":\"https:\/\/blog.germigarden.com\/fr\/#\/schema\/person\/686f50a524e2347177e6b2cd3e7a827f\"},\"headline\":\"Calendrier des semis de graines 2024\",\"datePublished\":\"2024-02-29T12:55:29+00:00\",\"dateModified\":\"2024-02-29T12:55:32+00:00\",\"mainEntityOfPage\":{\"@id\":\"https:\/\/blog.germigarden.com\/fr\/non-classifiee\/calendrier-de-graines\/\"},\"wordCount\":572,\"commentCount\":0,\"publisher\":{\"@id\":\"https:\/\/blog.germigarden.com\/fr\/#organization\"},\"articleSection\":[\"Non classifi\u00e9(e)\"],\"inLanguage\":\"fr-FR\",\"potentialAction\":[{\"@type\":\"CommentAction\",\"name\":\"Comment\",\"target\":[\"https:\/\/blog.germigarden.com\/fr\/non-classifiee\/calendrier-de-graines\/#respond\"]}]},{\"@type\":\"WebPage\",\"@id\":\"https:\/\/blog.germigarden.com\/fr\/non-classifiee\/calendrier-de-graines\/\",\"url\":\"https:\/\/blog.germigarden.com\/fr\/non-classifiee\/calendrier-de-graines\/\",\"name\":\"Calendrier des semis de graines 2024 - Calendrier de graines\",\"isPartOf\":{\"@id\":\"https:\/\/blog.germigarden.com\/fr\/#website\"},\"datePublished\":\"2024-02-29T12:55:29+00:00\",\"dateModified\":\"2024-02-29T12:55:32+00:00\",\"description\":\"Ce calendrier vous aidera \u00e0 savoir quelles graines planter dans les prochains jours de l'ann\u00e9e. Que plantons-nous ce mois-ci ?\",\"breadcrumb\":{\"@id\":\"https:\/\/blog.germigarden.com\/fr\/non-classifiee\/calendrier-de-graines\/#breadcrumb\"},\"inLanguage\":\"fr-FR\",\"potentialAction\":[{\"@type\":\"ReadAction\",\"target\":[\"https:\/\/blog.germigarden.com\/fr\/non-classifiee\/calendrier-de-graines\/\"]}]},{\"@type\":\"BreadcrumbList\",\"@id\":\"https:\/\/blog.germigarden.com\/fr\/non-classifiee\/calendrier-de-graines\/#breadcrumb\",\"itemListElement\":[{\"@type\":\"ListItem\",\"position\":1,\"name\":\"Portada\",\"item\":\"https:\/\/blog.germigarden.com\/fr\/\"},{\"@type\":\"ListItem\",\"position\":2,\"name\":\"Calendrier des semis de graines 2024\"}]},{\"@type\":\"WebSite\",\"@id\":\"https:\/\/blog.germigarden.com\/fr\/#website\",\"url\":\"https:\/\/blog.germigarden.com\/fr\/\",\"name\":\"Blog de GermiGarden\",\"description\":\"El blog de tu garden online\",\"publisher\":{\"@id\":\"https:\/\/blog.germigarden.com\/fr\/#organization\"},\"potentialAction\":[{\"@type\":\"SearchAction\",\"target\":{\"@type\":\"EntryPoint\",\"urlTemplate\":\"https:\/\/blog.germigarden.com\/fr\/?s={search_term_string}\"},\"query-input\":\"required name=search_term_string\"}],\"inLanguage\":\"fr-FR\"},{\"@type\":\"Organization\",\"@id\":\"https:\/\/blog.germigarden.com\/fr\/#organization\",\"name\":\"Blog de GermiGarden\",\"url\":\"https:\/\/blog.germigarden.com\/fr\/\",\"logo\":{\"@type\":\"ImageObject\",\"inLanguage\":\"fr-FR\",\"@id\":\"https:\/\/blog.germigarden.com\/fr\/#\/schema\/logo\/image\/\",\"url\":\"https:\/\/blog.germigarden.com\/wp-content\/uploads\/2022\/04\/germigarden.png\",\"contentUrl\":\"https:\/\/blog.germigarden.com\/wp-content\/uploads\/2022\/04\/germigarden.png\",\"width\":252,\"height\":116,\"caption\":\"Blog de GermiGarden\"},\"image\":{\"@id\":\"https:\/\/blog.germigarden.com\/fr\/#\/schema\/logo\/image\/\"},\"sameAs\":[\"https:\/\/www.instagram.com\/germigarden\/?hl=es\",\"https:\/\/www.youtube.com\/channel\/UCZNxfjmIpZZFt1XYLH7vEOQ\"]},{\"@type\":\"Person\",\"@id\":\"https:\/\/blog.germigarden.com\/fr\/#\/schema\/person\/686f50a524e2347177e6b2cd3e7a827f\",\"name\":\"GermiGarden\",\"image\":{\"@type\":\"ImageObject\",\"inLanguage\":\"fr-FR\",\"@id\":\"https:\/\/blog.germigarden.com\/fr\/#\/schema\/person\/image\/\",\"url\":\"https:\/\/secure.gravatar.com\/avatar\/a626aaa87d3e70ba460907a2ed89f656431172f7f0219bb6ba18a8866fdfa5a3?s=96&d=mm&r=g\",\"contentUrl\":\"https:\/\/secure.gravatar.com\/avatar\/a626aaa87d3e70ba460907a2ed89f656431172f7f0219bb6ba18a8866fdfa5a3?s=96&d=mm&r=g\",\"caption\":\"GermiGarden\"},\"sameAs\":[\"https:\/\/blog.germigarden.com\/\"]}]}<\/script>\n<!-- \/ Yoast SEO plugin. -->","yoast_head_json":{"title":"Calendrier des semis de graines 2024 - Calendrier de graines","description":"Ce calendrier vous aidera \u00e0 savoir quelles graines planter dans les prochains jours de l'ann\u00e9e. Que plantons-nous ce mois-ci ?","robots":{"index":"index","follow":"follow","max-snippet":"max-snippet:-1","max-image-preview":"max-image-preview:large","max-video-preview":"max-video-preview:-1"},"canonical":"https:\/\/blog.germigarden.com\/fr\/non-classifiee\/calendrier-de-graines\/","og_locale":"fr_FR","og_type":"article","og_title":"Calendrier des semis de graines 2024 - Calendrier de graines","og_description":"Ce calendrier vous aidera \u00e0 savoir quelles graines planter dans les prochains jours de l'ann\u00e9e. Que plantons-nous ce mois-ci ?","og_url":"https:\/\/blog.germigarden.com\/fr\/non-classifiee\/calendrier-de-graines\/","og_site_name":"Germigarden | Blog","article_publisher":"https:\/\/www.instagram.com\/germigarden\/?hl=es","article_published_time":"2024-02-29T12:55:29+00:00","article_modified_time":"2024-02-29T12:55:32+00:00","og_image":[{"width":800,"height":600,"url":"https:\/\/blog.germigarden.com\/wp-content\/uploads\/2022\/08\/greenforce-staffing-bYZn_C-RswQ-unsplash-1-edited-scaled.jpg","type":"image\/jpeg"}],"author":"GermiGarden","twitter_card":"summary_large_image","twitter_misc":{"\u00c9crit par":"GermiGarden","Dur\u00e9e de lecture estim\u00e9e":"3 minutes"},"schema":{"@context":"https:\/\/schema.org","@graph":[{"@type":"Article","@id":"https:\/\/blog.germigarden.com\/fr\/non-classifiee\/calendrier-de-graines\/#article","isPartOf":{"@id":"https:\/\/blog.germigarden.com\/fr\/non-classifiee\/calendrier-de-graines\/"},"author":{"name":"GermiGarden","@id":"https:\/\/blog.germigarden.com\/fr\/#\/schema\/person\/686f50a524e2347177e6b2cd3e7a827f"},"headline":"Calendrier des semis de graines 2024","datePublished":"2024-02-29T12:55:29+00:00","dateModified":"2024-02-29T12:55:32+00:00","mainEntityOfPage":{"@id":"https:\/\/blog.germigarden.com\/fr\/non-classifiee\/calendrier-de-graines\/"},"wordCount":572,"commentCount":0,"publisher":{"@id":"https:\/\/blog.germigarden.com\/fr\/#organization"},"articleSection":["Non classifi\u00e9(e)"],"inLanguage":"fr-FR","potentialAction":[{"@type":"CommentAction","name":"Comment","target":["https:\/\/blog.germigarden.com\/fr\/non-classifiee\/calendrier-de-graines\/#respond"]}]},{"@type":"WebPage","@id":"https:\/\/blog.germigarden.com\/fr\/non-classifiee\/calendrier-de-graines\/","url":"https:\/\/blog.germigarden.com\/fr\/non-classifiee\/calendrier-de-graines\/","name":"Calendrier des semis de graines 2024 - Calendrier de graines","isPartOf":{"@id":"https:\/\/blog.germigarden.com\/fr\/#website"},"datePublished":"2024-02-29T12:55:29+00:00","dateModified":"2024-02-29T12:55:32+00:00","description":"Ce calendrier vous aidera \u00e0 savoir quelles graines planter dans les prochains jours de l'ann\u00e9e. Que plantons-nous ce mois-ci ?","breadcrumb":{"@id":"https:\/\/blog.germigarden.com\/fr\/non-classifiee\/calendrier-de-graines\/#breadcrumb"},"inLanguage":"fr-FR","potentialAction":[{"@type":"ReadAction","target":["https:\/\/blog.germigarden.com\/fr\/non-classifiee\/calendrier-de-graines\/"]}]},{"@type":"BreadcrumbList","@id":"https:\/\/blog.germigarden.com\/fr\/non-classifiee\/calendrier-de-graines\/#breadcrumb","itemListElement":[{"@type":"ListItem","position":1,"name":"Portada","item":"https:\/\/blog.germigarden.com\/fr\/"},{"@type":"ListItem","position":2,"name":"Calendrier des semis de graines 2024"}]},{"@type":"WebSite","@id":"https:\/\/blog.germigarden.com\/fr\/#website","url":"https:\/\/blog.germigarden.com\/fr\/","name":"Blog de GermiGarden","description":"El blog de tu garden online","publisher":{"@id":"https:\/\/blog.germigarden.com\/fr\/#organization"},"potentialAction":[{"@type":"SearchAction","target":{"@type":"EntryPoint","urlTemplate":"https:\/\/blog.germigarden.com\/fr\/?s={search_term_string}"},"query-input":"required name=search_term_string"}],"inLanguage":"fr-FR"},{"@type":"Organization","@id":"https:\/\/blog.germigarden.com\/fr\/#organization","name":"Blog de GermiGarden","url":"https:\/\/blog.germigarden.com\/fr\/","logo":{"@type":"ImageObject","inLanguage":"fr-FR","@id":"https:\/\/blog.germigarden.com\/fr\/#\/schema\/logo\/image\/","url":"https:\/\/blog.germigarden.com\/wp-content\/uploads\/2022\/04\/germigarden.png","contentUrl":"https:\/\/blog.germigarden.com\/wp-content\/uploads\/2022\/04\/germigarden.png","width":252,"height":116,"caption":"Blog de GermiGarden"},"image":{"@id":"https:\/\/blog.germigarden.com\/fr\/#\/schema\/logo\/image\/"},"sameAs":["https:\/\/www.instagram.com\/germigarden\/?hl=es","https:\/\/www.youtube.com\/channel\/UCZNxfjmIpZZFt1XYLH7vEOQ"]},{"@type":"Person","@id":"https:\/\/blog.germigarden.com\/fr\/#\/schema\/person\/686f50a524e2347177e6b2cd3e7a827f","name":"GermiGarden","image":{"@type":"ImageObject","inLanguage":"fr-FR","@id":"https:\/\/blog.germigarden.com\/fr\/#\/schema\/person\/image\/","url":"https:\/\/secure.gravatar.com\/avatar\/a626aaa87d3e70ba460907a2ed89f656431172f7f0219bb6ba18a8866fdfa5a3?s=96&d=mm&r=g","contentUrl":"https:\/\/secure.gravatar.com\/avatar\/a626aaa87d3e70ba460907a2ed89f656431172f7f0219bb6ba18a8866fdfa5a3?s=96&d=mm&r=g","caption":"GermiGarden"},"sameAs":["https:\/\/blog.germigarden.com\/"]}]}},"_links":{"self":[{"href":"https:\/\/blog.germigarden.com\/fr\/wp-json\/wp\/v2\/posts\/8027","targetHints":{"allow":["GET"]}}],"collection":[{"href":"https:\/\/blog.germigarden.com\/fr\/wp-json\/wp\/v2\/posts"}],"about":[{"href":"https:\/\/blog.germigarden.com\/fr\/wp-json\/wp\/v2\/types\/post"}],"author":[{"embeddable":true,"href":"https:\/\/blog.germigarden.com\/fr\/wp-json\/wp\/v2\/users\/2"}],"replies":[{"embeddable":true,"href":"https:\/\/blog.germigarden.com\/fr\/wp-json\/wp\/v2\/comments?post=8027"}],"version-history":[{"count":1,"href":"https:\/\/blog.germigarden.com\/fr\/wp-json\/wp\/v2\/posts\/8027\/revisions"}],"predecessor-version":[{"id":8028,"href":"https:\/\/blog.germigarden.com\/fr\/wp-json\/wp\/v2\/posts\/8027\/revisions\/8028"}],"wp:featuredmedia":[{"embeddable":true,"href":"https:\/\/blog.germigarden.com\/fr\/wp-json\/wp\/v2\/media\/7664"}],"wp:attachment":[{"href":"https:\/\/blog.germigarden.com\/fr\/wp-json\/wp\/v2\/media?parent=8027"}],"wp:term":[{"taxonomy":"category","embeddable":true,"href":"https:\/\/blog.germigarden.com\/fr\/wp-json\/wp\/v2\/categories?post=8027"},{"taxonomy":"post_tag","embeddable":true,"href":"https:\/\/blog.germigarden.com\/fr\/wp-json\/wp\/v2\/tags?post=8027"}],"curies":[{"name":"wp","href":"https:\/\/api.w.org\/{rel}","templated":true}]}}