{"id":1345,"date":"2022-02-21T14:31:46","date_gmt":"2022-02-21T14:31:46","guid":{"rendered":"https:\/\/blog.germigarden.com\/?p=1345"},"modified":"2023-02-10T16:59:12","modified_gmt":"2023-02-10T14:59:12","slug":"estas-sao-as-primeiras-plantas-que-pode-plantar-na-primavera","status":"publish","type":"post","link":"https:\/\/blog.germigarden.com\/pt-pt\/jardinagem-pt-pt\/estas-sao-as-primeiras-plantas-que-pode-plantar-na-primavera\/","title":{"rendered":"Estas s\u00e3o as primeiras plantas que pode plantar na primavera"},"content":{"rendered":"\n<p>Estamos a chegar ao<strong> in\u00edcio da primavera<\/strong>, a \u00e9poca mais bonita do mundo das plantas, porque muitas das plantas florescem e enchem de cor todos os jardins e paisagens. A primavera, para al\u00e9m da sua parte mais visual, \u00e9 um momento crucial para o bom desenvolvimento dos ecossistemas. As plantas nesta \u00e9poca do ano s\u00e3o polinizadas e a sua reprodu\u00e7\u00e3o para o ano seguinte depender\u00e1 disso.<\/p>\n\n\n\n<p>Se quer encher o seu jardim de cor nesta primavera, recomendamos estas 7 <a href=\"https:\/\/www.germigarden.com\/pt\/pesquisa?tag=Planta+temporada\" data-type=\"URL\" data-id=\"https:\/\/www.germigarden.com\/pt\/pesquisa?tag=Planta+temporada\">plantas <\/a>com flores. Esta \u00e9 uma sele\u00e7\u00e3o de plantas muito t\u00edpicas da pen\u00ednsula.<\/p>\n\n\n\n<div class=\"wp-block-media-text alignwide is-stacked-on-mobile\" style=\"grid-template-columns:30% auto\"><figure class=\"wp-block-media-text__media\"><img decoding=\"async\" width=\"683\" height=\"1024\" src=\"https:\/\/blog.germigarden.com\/wp-content\/uploads\/2022\/02\/flower-1489495_1920-683x1024.jpg\" alt=\"\" class=\"wp-image-1212 size-full\"\/><\/figure><div class=\"wp-block-media-text__content\">\n<p id=\"retama-o-dianthus-caryophyllus\"><strong>Genista ou <em>Dianthus caryophyllus<\/em><\/strong><\/p>\n\n\n\n<p>\u00c9 uma planta com flor da fam\u00edlia <em>Fabaceae<\/em>. Uma planta como a vassoura \u00e9 ideal para quem gosta de plantas com flores arbustivas. Devido \u00e0 sua apar\u00eancia delicada, \u00e9 uma planta <strong>muito resistente <\/strong>ao sol e ao frio. Ele pode suportar temperaturas muito baixas para sobreviver \u00e0 mudan\u00e7a de esta\u00e7\u00e3o. A flor, embora seja mais t\u00edpica encontr\u00e1-la amarela, tamb\u00e9m existe em branco e avermelhado. Floresce entre fevereiro e maio, ent\u00e3o agora \u00e9 um bom momento para plant\u00e1-las. A planta uma vez adulta pode atingir 1,5 m de altura.<\/p>\n<\/div><\/div>\n\n\n\n<div class=\"wp-block-media-text alignwide has-media-on-the-right is-stacked-on-mobile\" style=\"grid-template-columns:auto 30%\"><div class=\"wp-block-media-text__content\">\n<p><strong>Coleus<\/strong><\/p>\n\n\n\n<p>Coleus \u00e9 uma planta que se destaca por suas <strong>folhas<\/strong>. Ao contr\u00e1rio de todas as plantas desta lista, as folhas de coleus se destacam mais do que a sua pr\u00f3pria flor. Possui folhas avermelhadas com tons de amarelo, verde e laranja. \u00c9 uma planta de sombra, pensada para ter baixa exposi\u00e7\u00e3o ao sol. Portanto, \u00e9 aconselh\u00e1vel plant\u00e1-lo em \u00e1reas como <strong>varandas <\/strong>ou <strong>sob \u00e1rvores<\/strong>. \u00c9 uma planta que precisa ser transplantada ap\u00f3s comprada e rega moderada.<\/p>\n<\/div><figure class=\"wp-block-media-text__media\"><img decoding=\"async\" src=\"https:\/\/blog.germigarden.com\/wp-content\/uploads\/2022\/02\/coleus-6977315-scaled-e1644920788443-744x1024.jpg\" alt=\"\" class=\"wp-image-1209 size-full\"\/><\/figure><\/div>\n\n\n\n<div class=\"wp-block-media-text alignwide is-stacked-on-mobile\" style=\"grid-template-columns:30% auto\"><figure class=\"wp-block-media-text__media\"><img decoding=\"async\" width=\"645\" height=\"1024\" src=\"https:\/\/blog.germigarden.com\/wp-content\/uploads\/2022\/02\/red-campion-5138652-scaled-e1644920839971-645x1024.jpg\" alt=\"\" class=\"wp-image-1206 size-full\"\/><\/figure><div class=\"wp-block-media-text__content\">\n<p id=\"silene\"><strong>Silene<\/strong><\/p>\n\n\n\n<p id=\"es-una-planta-de-la-familia-de-los-claveles-autoctona-de-la-zona-mediterranea-es-una-planta-ideal-ya-que-florece-durante-todo-el-invierno-y-primavera-hace-unas-flores-abundantes-en-forma-de-estrella-de-5-petalos-de-color-rosa-cuando-florece-es-tan-espectacular-en-cantidad-que-cubre-toda-la-planta-de-flores-rosas-el-silene-necesita-una-exposicion-al-sol-alta-y-un-riego-moderado-resulta-ideal-parterres-y-rocallas\">\u00c9 uma planta da fam\u00edlia dos cravos. Nativo da \u00e1rea peninsular. \u00c9 uma planta ideal, pois floresce durante o inverno e a primavera. Faz <strong>abundantes flores <\/strong>em forma de estrela com 5 p\u00e9talas de rosa. Quando floresce, \u00e9 t\u00e3o espetacular em quantidade que cobre toda a planta com flores cor de rosa. O Silene precisa de alta exposi\u00e7\u00e3o solar e rega moderada. \u00c9 ideal &#8220;parterres&#8221; e jardins ornamentais.<\/p>\n<\/div><\/div>\n\n\n\n<div class=\"wp-block-media-text alignwide has-media-on-the-right is-stacked-on-mobile\" style=\"grid-template-columns:auto 30%\"><div class=\"wp-block-media-text__content\">\n<p id=\"alheli\"><strong>Goiveir ou aleli<\/strong><\/p>\n\n\n\n<p id=\"es-una-planta-familia-de-las-cruciferas-muy-olorosa-que-es-autoctona-de-la-zona-mediterranea-es-una-planta-muy-adaptada-a-la-zona-mediterranea-por-lo-que-resultara-de-facil-cultivo-no-requiere-mucho-riego-de-hecho-es-sensible-a-un-exceso-de-riego-eso-si-requiere-un-sustrato-rico-en-nutrientes-para-poder-tener-una-buena-floracion-en-este-caso-tendra-flores-des-de-inicio-de-ano-hasta-finales-de-junio-respecto-a-la-flor-hace-una-flor-preciosa-y-muy-olorosa-podemos-encontrar-flores-de-color-lila-rosa-y-blanco\">\u00c9 uma planta da fam\u00edlia <em>Cruc\u00edfera <\/em>muito perfumada que \u00e9 nativa da \u00e1rea peninsular. \u00c9 uma planta muito adaptada \u00e0 zona mediterr\u00e2nica, pelo que ser\u00e1 <strong>f\u00e1cil de cultivar<\/strong>, n\u00e3o requer muita rega, ali\u00e1s, \u00e9 sens\u00edvel ao excesso de rega. Isso, sim, requer um substrato rico em nutrientes para poder ter uma boa flora\u00e7\u00e3o. Nesse caso, ter\u00e1 flores desde o in\u00edcio do ano at\u00e9 o final de junho. Quanto \u00e0 flor, faz uma flor bonita e muito perfumada. Podemos encontrar flores lil\u00e1s, rosa e brancas.<\/p>\n<\/div><figure class=\"wp-block-media-text__media\"><img decoding=\"async\" width=\"687\" height=\"1024\" src=\"https:\/\/blog.germigarden.com\/wp-content\/uploads\/2022\/02\/wallflower-3336973-scaled-e1644920866441-687x1024.jpg\" alt=\"\" class=\"wp-image-1203 size-full\"\/><\/figure><\/div>\n\n\n\n<div class=\"wp-block-media-text alignwide is-stacked-on-mobile\" style=\"grid-template-columns:30% auto\"><figure class=\"wp-block-media-text__media\"><img decoding=\"async\" width=\"591\" height=\"1024\" src=\"https:\/\/blog.germigarden.com\/wp-content\/uploads\/2022\/02\/flowers-220445-591x1024.jpg\" alt=\"\" class=\"wp-image-1221 size-full\"\/><\/figure><div class=\"wp-block-media-text__content\">\n<p id=\"margarita\"><strong>Margarida<\/strong><\/p>\n\n\n\n<p id=\"es-una-planta-muy-utilizada-en-todo-el-pais-la-margarita-es-de-la-familia-asteraceae-es-una-planta-arbustiva-con-los-tallos-lenosos-que-hace-unas-flores-preciosas-de-color-blanco-amarilla-rojo-rosado-las-podemos-encontrar-de-diferentes-tamanos-y-pueden-llegar-a-hacer-mas-de-1-5-metros-de-altura-suele-florecer-a-partir-de-la-primavera-hasta-principios-de-otono-es-una-planta-rustica-que-puede-sobrevivir-a-pleno-sol-con-un-riego-moderado-y-tambien-al-frio-siempre-que-no-sea-muy-brusco-y-constante-es-usada-tanto-en-macetas-como-en-parterres\">\u00c9 uma planta amplamente utilizada em todo o pa\u00eds. A margarida \u00e9 da fam\u00edlia Asteraceae. \u00c9 uma planta arbustiva com caules lenhosos que produz lindas flores brancas, amarelas, vermelhas, rosadas&#8230; Podemos encontr\u00e1-las em diferentes tamanhos e podem atingir mais de 1,5 metros de altura. Geralmente floresce da primavera ao in\u00edcio do outono. \u00c9 uma <strong>planta r\u00fastica <\/strong>que pode sobreviver a pleno sol com regas moderadas e tamb\u00e9m no frio desde que n\u00e3o seja muito abrupta e constante. \u00c9 usado tanto em vasos quanto em canteiros de flores.<\/p>\n<\/div><\/div>\n\n\n\n<div class=\"wp-block-media-text alignwide has-media-on-the-right is-stacked-on-mobile\" style=\"grid-template-columns:auto 40%\"><div class=\"wp-block-media-text__content\">\n<p id=\"dama-de-noche\"><strong>Dama da Noite<\/strong><\/p>\n\n\n\n<p id=\"es-una-planta-trepadora-de-la-familia-solanaceae-esta-planta-necesita-ir-con-un-hilo-de-emparrado-suele-perder-las-hojas-durante-invierno-en-las-zonas-mas-frias-y-durante-primavera-brota-de-nuevo-y-suele-a-florecer-a-partir-de-junio-octubre-es-una-planta-que-no-requiere-una-exposicion-al-sol-muy-alta-por-lo-que-la-podremos-tener-en-zonas-con-sombra-eso-si-es-sensible-a-las-heladas-hace-unas-hojas-ovaladas-con-flores-pequenas-pero-muy-olorosas-durante-las-noches-de-verano\">\u00c9 uma planta <strong>trepadeira <\/strong>da fam\u00edlia <em>Solanaceae<\/em>. Esta planta precisa ir com uma treli\u00e7a de videira. Geralmente perde as suas folhas durante o inverno nas \u00e1reas mais frias e durante a primavera brota novamente e costuma florescer de junho a outubro. \u00c9 uma planta que n\u00e3o requer exposi\u00e7\u00e3o solar muito elevada, pelo que podemos t\u00ea-la em zonas sombreadas. Isto \u00e9, se for sens\u00edvel \u00e0 geada. Faz folhas ovais com flores pequenas, mas muito perfumadas durante as noites de ver\u00e3o.<\/p>\n<\/div><figure class=\"wp-block-media-text__media\"><img decoding=\"async\" width=\"1024\" height=\"869\" src=\"https:\/\/blog.germigarden.com\/wp-content\/uploads\/2022\/02\/Screenshot_20200902-112311-1068x906-1-1024x869.jpg\" alt=\"\" class=\"wp-image-1218 size-full\" srcset=\"https:\/\/blog.germigarden.com\/wp-content\/uploads\/2022\/02\/Screenshot_20200902-112311-1068x906-1-1024x869.jpg 1024w, https:\/\/blog.germigarden.com\/wp-content\/uploads\/2022\/02\/Screenshot_20200902-112311-1068x906-1-980x831.jpg 980w, https:\/\/blog.germigarden.com\/wp-content\/uploads\/2022\/02\/Screenshot_20200902-112311-1068x906-1-480x407.jpg 480w\" sizes=\"(min-width: 0px) and (max-width: 480px) 480px, (min-width: 481px) and (max-width: 980px) 980px, (min-width: 981px) 1024px, 100vw\" \/><\/figure><\/div>\n\n\n\n<div class=\"wp-block-media-text alignwide is-stacked-on-mobile\" style=\"grid-template-columns:30% auto\"><figure class=\"wp-block-media-text__media\"><img decoding=\"async\" width=\"812\" height=\"1024\" src=\"https:\/\/blog.germigarden.com\/wp-content\/uploads\/2022\/02\/flower-3469744-scaled-e1644920988542-812x1024.jpg\" alt=\"\" class=\"wp-image-1215 size-full\"\/><\/figure><div class=\"wp-block-media-text__content\">\n<p id=\"clavel-mediterraneo-alto\"><strong>Cravo mediterr\u00e2neo alto<\/strong><\/p>\n\n\n\n<p id=\"al-igual-que-la-silene-es-de-la-familia-caryophyllaceae-es-autoctona-de-la-zona-mediterranea-por-lo-que-estara-adaptado-a-las-temperaturas-y-precipitaciones-se-cultiva-todo-el-ano-en-climas-no-muy-frios-la-planta-tiene-tallos-largos-y-hojas-finas-y-alargadas-las-flores-hacen-grupos-que-pueden-ser-de-color-amarillo-rojizos-anaranjados-rosados-y-blancos-ideal-para-jardineras-balconeras-ya-que-aunque-se-puede-poner-tutor-la-planta-por-si-misma-es-de-colgar\">Assim como o sileno, pertence \u00e0 fam\u00edlia <em>Caryophyllaceae<\/em>. \u00c9 <strong>nativo <\/strong>da \u00e1rea do Mediterr\u00e2neo, por isso ser\u00e1 adaptado \u00e0s temperaturas e chuvas. \u00c9 cultivada durante todo o ano em climas n\u00e3o muito frios. A planta tem caules longos e folhas finas e alongadas. As flores formam grupos que podem ser amarelos, avermelhados, alaranjados, rosados \u200b\u200be brancos. Ideal para plantadores de <strong>varanda<\/strong>, pois, embora uma estaca possa ser colocada, a pr\u00f3pria planta pode ser pendurada.<\/p>\n<\/div><\/div>\n\n\n\n<p id=\"es-una-planta-trepadora-de-la-familia-solanaceae-esta-planta-necesita-ir-con-un-hilo-de-emparrado-suele-perder-las-hojas-durante-invierno-en-las-zonas-mas-frias-y-durante-primavera-brota-de-nuevo-y-suele-a-florecer-a-partir-de-junio-octubre-es-una-planta-que-no-requiere-una-exposicion-al-sol-muy-alta-por-lo-que-la-podremos-tener-en-zonas-con-sombra-eso-si-es-sensible-a-las-heladas-hace-unas-hojas-ovaladas-con-flores-pequenas-pero-muy-olorosas-durante-las-noches-de-verano\">Estas s\u00e3o as nossas 7 propostas para plantar no seu jardim, como pode ver existem plantas trepadeiras, plantas suspensas, plantas que precisam de mais exposi\u00e7\u00e3o e outras que precisam de menos exposi\u00e7\u00e3o ao sol. Escolha os que mais gosta e desfrute de uma primavera cheia de cor. Se tiver d\u00favidas sobre onde colocar as suas plantas ou a sua manuten\u00e7\u00e3o escreva-nos nos coment\u00e1rios.<\/p>\n","protected":false},"excerpt":{"rendered":"<p>Estamos a chegar ao in\u00edcio da primavera, a \u00e9poca mais bonita do mundo das plantas, porque muitas das plantas florescem e enchem de cor todos os jardins e paisagens. A primavera, para al\u00e9m da sua parte mais visual, \u00e9 um momento crucial para o bom desenvolvimento dos ecossistemas. As plantas nesta \u00e9poca do ano s\u00e3o [&hellip;]<\/p>\n","protected":false},"author":2,"featured_media":1324,"comment_status":"open","ping_status":"open","sticky":false,"template":"","format":"standard","meta":{"_et_pb_use_builder":"","_et_pb_old_content":"","_et_gb_content_width":"","footnotes":""},"categories":[45,46],"tags":[140,142,141],"class_list":["post-1345","post","type-post","status-publish","format-standard","has-post-thumbnail","hentry","category-jardinagem-pt-pt","category-planta-ao-ar-livre-pt-pt","tag-genista","tag-margarida","tag-primavera-3"],"yoast_head":"<!-- This site is optimized with the Yoast SEO plugin v20.5 - https:\/\/yoast.com\/wordpress\/plugins\/seo\/ -->\n<title>Estas s\u00e3o as primeiras plantas que pode plantar na primavera - GermiGarden<\/title>\n<meta name=\"robots\" content=\"index, follow, max-snippet:-1, max-image-preview:large, max-video-preview:-1\" \/>\n<link rel=\"canonical\" href=\"https:\/\/blog.germigarden.com\/pt-pt\/jardinagem-pt-pt\/estas-sao-as-primeiras-plantas-que-pode-plantar-na-primavera\/\" \/>\n<meta property=\"og:locale\" content=\"pt_PT\" \/>\n<meta property=\"og:type\" content=\"article\" \/>\n<meta property=\"og:title\" content=\"Estas s\u00e3o as primeiras plantas que pode plantar na primavera - GermiGarden\" \/>\n<meta property=\"og:description\" content=\"Estamos a chegar ao in\u00edcio da primavera, a \u00e9poca mais bonita do mundo das plantas, porque muitas das plantas florescem e enchem de cor todos os jardins e paisagens. A primavera, para al\u00e9m da sua parte mais visual, \u00e9 um momento crucial para o bom desenvolvimento dos ecossistemas. As plantas nesta \u00e9poca do ano s\u00e3o [&hellip;]\" \/>\n<meta property=\"og:url\" content=\"https:\/\/blog.germigarden.com\/pt-pt\/jardinagem-pt-pt\/estas-sao-as-primeiras-plantas-que-pode-plantar-na-primavera\/\" \/>\n<meta property=\"og:site_name\" content=\"Germigarden | Blog\" \/>\n<meta property=\"article:publisher\" content=\"https:\/\/www.instagram.com\/germigarden\/?hl=es\" \/>\n<meta property=\"article:published_time\" content=\"2022-02-21T14:31:46+00:00\" \/>\n<meta property=\"article:modified_time\" content=\"2023-02-10T14:59:12+00:00\" \/>\n<meta property=\"og:image\" content=\"https:\/\/blog.germigarden.com\/wp-content\/uploads\/2022\/02\/wallflower-3336973-1-scaled.jpg\" \/>\n\t<meta property=\"og:image:width\" content=\"2560\" \/>\n\t<meta property=\"og:image:height\" content=\"1707\" \/>\n\t<meta property=\"og:image:type\" content=\"image\/jpeg\" \/>\n<meta name=\"author\" content=\"GermiGarden\" \/>\n<meta name=\"twitter:card\" content=\"summary_large_image\" \/>\n<meta name=\"twitter:label1\" content=\"Escrito por\" \/>\n\t<meta name=\"twitter:data1\" content=\"GermiGarden\" \/>\n\t<meta name=\"twitter:label2\" content=\"Tempo estimado de leitura\" \/>\n\t<meta name=\"twitter:data2\" content=\"5 minutos\" \/>\n<script type=\"application\/ld+json\" class=\"yoast-schema-graph\">{\"@context\":\"https:\/\/schema.org\",\"@graph\":[{\"@type\":\"Article\",\"@id\":\"https:\/\/blog.germigarden.com\/pt-pt\/jardinagem-pt-pt\/estas-sao-as-primeiras-plantas-que-pode-plantar-na-primavera\/#article\",\"isPartOf\":{\"@id\":\"https:\/\/blog.germigarden.com\/pt-pt\/jardinagem-pt-pt\/estas-sao-as-primeiras-plantas-que-pode-plantar-na-primavera\/\"},\"author\":{\"name\":\"GermiGarden\",\"@id\":\"https:\/\/blog.germigarden.com\/pt-pt\/#\/schema\/person\/686f50a524e2347177e6b2cd3e7a827f\"},\"headline\":\"Estas s\u00e3o as primeiras plantas que pode plantar na primavera\",\"datePublished\":\"2022-02-21T14:31:46+00:00\",\"dateModified\":\"2023-02-10T14:59:12+00:00\",\"mainEntityOfPage\":{\"@id\":\"https:\/\/blog.germigarden.com\/pt-pt\/jardinagem-pt-pt\/estas-sao-as-primeiras-plantas-que-pode-plantar-na-primavera\/\"},\"wordCount\":760,\"commentCount\":0,\"publisher\":{\"@id\":\"https:\/\/blog.germigarden.com\/pt-pt\/#organization\"},\"keywords\":[\"Genista\",\"Margarida\",\"Primavera\"],\"articleSection\":[\"Jardinagem\",\"Planta ao ar livre\"],\"inLanguage\":\"pt-PT\",\"potentialAction\":[{\"@type\":\"CommentAction\",\"name\":\"Comment\",\"target\":[\"https:\/\/blog.germigarden.com\/pt-pt\/jardinagem-pt-pt\/estas-sao-as-primeiras-plantas-que-pode-plantar-na-primavera\/#respond\"]}]},{\"@type\":\"WebPage\",\"@id\":\"https:\/\/blog.germigarden.com\/pt-pt\/jardinagem-pt-pt\/estas-sao-as-primeiras-plantas-que-pode-plantar-na-primavera\/\",\"url\":\"https:\/\/blog.germigarden.com\/pt-pt\/jardinagem-pt-pt\/estas-sao-as-primeiras-plantas-que-pode-plantar-na-primavera\/\",\"name\":\"Estas s\u00e3o as primeiras plantas que pode plantar na primavera - GermiGarden\",\"isPartOf\":{\"@id\":\"https:\/\/blog.germigarden.com\/pt-pt\/#website\"},\"datePublished\":\"2022-02-21T14:31:46+00:00\",\"dateModified\":\"2023-02-10T14:59:12+00:00\",\"breadcrumb\":{\"@id\":\"https:\/\/blog.germigarden.com\/pt-pt\/jardinagem-pt-pt\/estas-sao-as-primeiras-plantas-que-pode-plantar-na-primavera\/#breadcrumb\"},\"inLanguage\":\"pt-PT\",\"potentialAction\":[{\"@type\":\"ReadAction\",\"target\":[\"https:\/\/blog.germigarden.com\/pt-pt\/jardinagem-pt-pt\/estas-sao-as-primeiras-plantas-que-pode-plantar-na-primavera\/\"]}]},{\"@type\":\"BreadcrumbList\",\"@id\":\"https:\/\/blog.germigarden.com\/pt-pt\/jardinagem-pt-pt\/estas-sao-as-primeiras-plantas-que-pode-plantar-na-primavera\/#breadcrumb\",\"itemListElement\":[{\"@type\":\"ListItem\",\"position\":1,\"name\":\"Portada\",\"item\":\"https:\/\/blog.germigarden.com\/pt-pt\/\"},{\"@type\":\"ListItem\",\"position\":2,\"name\":\"Estas s\u00e3o as primeiras plantas que pode plantar na primavera\"}]},{\"@type\":\"WebSite\",\"@id\":\"https:\/\/blog.germigarden.com\/pt-pt\/#website\",\"url\":\"https:\/\/blog.germigarden.com\/pt-pt\/\",\"name\":\"Blog de GermiGarden\",\"description\":\"El blog de tu garden online\",\"publisher\":{\"@id\":\"https:\/\/blog.germigarden.com\/pt-pt\/#organization\"},\"potentialAction\":[{\"@type\":\"SearchAction\",\"target\":{\"@type\":\"EntryPoint\",\"urlTemplate\":\"https:\/\/blog.germigarden.com\/pt-pt\/?s={search_term_string}\"},\"query-input\":\"required name=search_term_string\"}],\"inLanguage\":\"pt-PT\"},{\"@type\":\"Organization\",\"@id\":\"https:\/\/blog.germigarden.com\/pt-pt\/#organization\",\"name\":\"Blog de GermiGarden\",\"url\":\"https:\/\/blog.germigarden.com\/pt-pt\/\",\"logo\":{\"@type\":\"ImageObject\",\"inLanguage\":\"pt-PT\",\"@id\":\"https:\/\/blog.germigarden.com\/pt-pt\/#\/schema\/logo\/image\/\",\"url\":\"https:\/\/blog.germigarden.com\/wp-content\/uploads\/2022\/04\/germigarden.png\",\"contentUrl\":\"https:\/\/blog.germigarden.com\/wp-content\/uploads\/2022\/04\/germigarden.png\",\"width\":252,\"height\":116,\"caption\":\"Blog de GermiGarden\"},\"image\":{\"@id\":\"https:\/\/blog.germigarden.com\/pt-pt\/#\/schema\/logo\/image\/\"},\"sameAs\":[\"https:\/\/www.instagram.com\/germigarden\/?hl=es\",\"https:\/\/www.youtube.com\/channel\/UCZNxfjmIpZZFt1XYLH7vEOQ\"]},{\"@type\":\"Person\",\"@id\":\"https:\/\/blog.germigarden.com\/pt-pt\/#\/schema\/person\/686f50a524e2347177e6b2cd3e7a827f\",\"name\":\"GermiGarden\",\"image\":{\"@type\":\"ImageObject\",\"inLanguage\":\"pt-PT\",\"@id\":\"https:\/\/blog.germigarden.com\/pt-pt\/#\/schema\/person\/image\/\",\"url\":\"https:\/\/secure.gravatar.com\/avatar\/a626aaa87d3e70ba460907a2ed89f656431172f7f0219bb6ba18a8866fdfa5a3?s=96&d=mm&r=g\",\"contentUrl\":\"https:\/\/secure.gravatar.com\/avatar\/a626aaa87d3e70ba460907a2ed89f656431172f7f0219bb6ba18a8866fdfa5a3?s=96&d=mm&r=g\",\"caption\":\"GermiGarden\"},\"sameAs\":[\"https:\/\/blog.germigarden.com\/\"]}]}<\/script>\n<!-- \/ Yoast SEO plugin. -->","yoast_head_json":{"title":"Estas s\u00e3o as primeiras plantas que pode plantar na primavera - GermiGarden","robots":{"index":"index","follow":"follow","max-snippet":"max-snippet:-1","max-image-preview":"max-image-preview:large","max-video-preview":"max-video-preview:-1"},"canonical":"https:\/\/blog.germigarden.com\/pt-pt\/jardinagem-pt-pt\/estas-sao-as-primeiras-plantas-que-pode-plantar-na-primavera\/","og_locale":"pt_PT","og_type":"article","og_title":"Estas s\u00e3o as primeiras plantas que pode plantar na primavera - GermiGarden","og_description":"Estamos a chegar ao in\u00edcio da primavera, a \u00e9poca mais bonita do mundo das plantas, porque muitas das plantas florescem e enchem de cor todos os jardins e paisagens. A primavera, para al\u00e9m da sua parte mais visual, \u00e9 um momento crucial para o bom desenvolvimento dos ecossistemas. As plantas nesta \u00e9poca do ano s\u00e3o [&hellip;]","og_url":"https:\/\/blog.germigarden.com\/pt-pt\/jardinagem-pt-pt\/estas-sao-as-primeiras-plantas-que-pode-plantar-na-primavera\/","og_site_name":"Germigarden | Blog","article_publisher":"https:\/\/www.instagram.com\/germigarden\/?hl=es","article_published_time":"2022-02-21T14:31:46+00:00","article_modified_time":"2023-02-10T14:59:12+00:00","og_image":[{"width":2560,"height":1707,"url":"https:\/\/blog.germigarden.com\/wp-content\/uploads\/2022\/02\/wallflower-3336973-1-scaled.jpg","type":"image\/jpeg"}],"author":"GermiGarden","twitter_card":"summary_large_image","twitter_misc":{"Escrito por":"GermiGarden","Tempo estimado de leitura":"5 minutos"},"schema":{"@context":"https:\/\/schema.org","@graph":[{"@type":"Article","@id":"https:\/\/blog.germigarden.com\/pt-pt\/jardinagem-pt-pt\/estas-sao-as-primeiras-plantas-que-pode-plantar-na-primavera\/#article","isPartOf":{"@id":"https:\/\/blog.germigarden.com\/pt-pt\/jardinagem-pt-pt\/estas-sao-as-primeiras-plantas-que-pode-plantar-na-primavera\/"},"author":{"name":"GermiGarden","@id":"https:\/\/blog.germigarden.com\/pt-pt\/#\/schema\/person\/686f50a524e2347177e6b2cd3e7a827f"},"headline":"Estas s\u00e3o as primeiras plantas que pode plantar na primavera","datePublished":"2022-02-21T14:31:46+00:00","dateModified":"2023-02-10T14:59:12+00:00","mainEntityOfPage":{"@id":"https:\/\/blog.germigarden.com\/pt-pt\/jardinagem-pt-pt\/estas-sao-as-primeiras-plantas-que-pode-plantar-na-primavera\/"},"wordCount":760,"commentCount":0,"publisher":{"@id":"https:\/\/blog.germigarden.com\/pt-pt\/#organization"},"keywords":["Genista","Margarida","Primavera"],"articleSection":["Jardinagem","Planta ao ar livre"],"inLanguage":"pt-PT","potentialAction":[{"@type":"CommentAction","name":"Comment","target":["https:\/\/blog.germigarden.com\/pt-pt\/jardinagem-pt-pt\/estas-sao-as-primeiras-plantas-que-pode-plantar-na-primavera\/#respond"]}]},{"@type":"WebPage","@id":"https:\/\/blog.germigarden.com\/pt-pt\/jardinagem-pt-pt\/estas-sao-as-primeiras-plantas-que-pode-plantar-na-primavera\/","url":"https:\/\/blog.germigarden.com\/pt-pt\/jardinagem-pt-pt\/estas-sao-as-primeiras-plantas-que-pode-plantar-na-primavera\/","name":"Estas s\u00e3o as primeiras plantas que pode plantar na primavera - GermiGarden","isPartOf":{"@id":"https:\/\/blog.germigarden.com\/pt-pt\/#website"},"datePublished":"2022-02-21T14:31:46+00:00","dateModified":"2023-02-10T14:59:12+00:00","breadcrumb":{"@id":"https:\/\/blog.germigarden.com\/pt-pt\/jardinagem-pt-pt\/estas-sao-as-primeiras-plantas-que-pode-plantar-na-primavera\/#breadcrumb"},"inLanguage":"pt-PT","potentialAction":[{"@type":"ReadAction","target":["https:\/\/blog.germigarden.com\/pt-pt\/jardinagem-pt-pt\/estas-sao-as-primeiras-plantas-que-pode-plantar-na-primavera\/"]}]},{"@type":"BreadcrumbList","@id":"https:\/\/blog.germigarden.com\/pt-pt\/jardinagem-pt-pt\/estas-sao-as-primeiras-plantas-que-pode-plantar-na-primavera\/#breadcrumb","itemListElement":[{"@type":"ListItem","position":1,"name":"Portada","item":"https:\/\/blog.germigarden.com\/pt-pt\/"},{"@type":"ListItem","position":2,"name":"Estas s\u00e3o as primeiras plantas que pode plantar na primavera"}]},{"@type":"WebSite","@id":"https:\/\/blog.germigarden.com\/pt-pt\/#website","url":"https:\/\/blog.germigarden.com\/pt-pt\/","name":"Blog de GermiGarden","description":"El blog de tu garden online","publisher":{"@id":"https:\/\/blog.germigarden.com\/pt-pt\/#organization"},"potentialAction":[{"@type":"SearchAction","target":{"@type":"EntryPoint","urlTemplate":"https:\/\/blog.germigarden.com\/pt-pt\/?s={search_term_string}"},"query-input":"required name=search_term_string"}],"inLanguage":"pt-PT"},{"@type":"Organization","@id":"https:\/\/blog.germigarden.com\/pt-pt\/#organization","name":"Blog de GermiGarden","url":"https:\/\/blog.germigarden.com\/pt-pt\/","logo":{"@type":"ImageObject","inLanguage":"pt-PT","@id":"https:\/\/blog.germigarden.com\/pt-pt\/#\/schema\/logo\/image\/","url":"https:\/\/blog.germigarden.com\/wp-content\/uploads\/2022\/04\/germigarden.png","contentUrl":"https:\/\/blog.germigarden.com\/wp-content\/uploads\/2022\/04\/germigarden.png","width":252,"height":116,"caption":"Blog de GermiGarden"},"image":{"@id":"https:\/\/blog.germigarden.com\/pt-pt\/#\/schema\/logo\/image\/"},"sameAs":["https:\/\/www.instagram.com\/germigarden\/?hl=es","https:\/\/www.youtube.com\/channel\/UCZNxfjmIpZZFt1XYLH7vEOQ"]},{"@type":"Person","@id":"https:\/\/blog.germigarden.com\/pt-pt\/#\/schema\/person\/686f50a524e2347177e6b2cd3e7a827f","name":"GermiGarden","image":{"@type":"ImageObject","inLanguage":"pt-PT","@id":"https:\/\/blog.germigarden.com\/pt-pt\/#\/schema\/person\/image\/","url":"https:\/\/secure.gravatar.com\/avatar\/a626aaa87d3e70ba460907a2ed89f656431172f7f0219bb6ba18a8866fdfa5a3?s=96&d=mm&r=g","contentUrl":"https:\/\/secure.gravatar.com\/avatar\/a626aaa87d3e70ba460907a2ed89f656431172f7f0219bb6ba18a8866fdfa5a3?s=96&d=mm&r=g","caption":"GermiGarden"},"sameAs":["https:\/\/blog.germigarden.com\/"]}]}},"_links":{"self":[{"href":"https:\/\/blog.germigarden.com\/pt-pt\/wp-json\/wp\/v2\/posts\/1345","targetHints":{"allow":["GET"]}}],"collection":[{"href":"https:\/\/blog.germigarden.com\/pt-pt\/wp-json\/wp\/v2\/posts"}],"about":[{"href":"https:\/\/blog.germigarden.com\/pt-pt\/wp-json\/wp\/v2\/types\/post"}],"author":[{"embeddable":true,"href":"https:\/\/blog.germigarden.com\/pt-pt\/wp-json\/wp\/v2\/users\/2"}],"replies":[{"embeddable":true,"href":"https:\/\/blog.germigarden.com\/pt-pt\/wp-json\/wp\/v2\/comments?post=1345"}],"version-history":[{"count":11,"href":"https:\/\/blog.germigarden.com\/pt-pt\/wp-json\/wp\/v2\/posts\/1345\/revisions"}],"predecessor-version":[{"id":6363,"href":"https:\/\/blog.germigarden.com\/pt-pt\/wp-json\/wp\/v2\/posts\/1345\/revisions\/6363"}],"wp:featuredmedia":[{"embeddable":true,"href":"https:\/\/blog.germigarden.com\/pt-pt\/wp-json\/wp\/v2\/media\/1324"}],"wp:attachment":[{"href":"https:\/\/blog.germigarden.com\/pt-pt\/wp-json\/wp\/v2\/media?parent=1345"}],"wp:term":[{"taxonomy":"category","embeddable":true,"href":"https:\/\/blog.germigarden.com\/pt-pt\/wp-json\/wp\/v2\/categories?post=1345"},{"taxonomy":"post_tag","embeddable":true,"href":"https:\/\/blog.germigarden.com\/pt-pt\/wp-json\/wp\/v2\/tags?post=1345"}],"curies":[{"name":"wp","href":"https:\/\/api.w.org\/{rel}","templated":true}]}}