{"id":2893,"date":"2022-04-21T18:55:34","date_gmt":"2022-04-21T16:55:34","guid":{"rendered":"https:\/\/blog.germigarden.com\/?p=2893"},"modified":"2022-04-21T18:55:35","modified_gmt":"2022-04-21T16:55:35","slug":"dia-da-mae-as-melhores-plantas-para-dar-as-maes","status":"publish","type":"post","link":"https:\/\/blog.germigarden.com\/pt-pt\/jardinagem-pt-pt\/dia-da-mae-as-melhores-plantas-para-dar-as-maes\/","title":{"rendered":"Dia da M\u00e3e: As melhores plantas para dar \u00e0s m\u00e3es"},"content":{"rendered":"\n<p>O Dia das M\u00e3es \u00e9 uma ocasi\u00e3o especial para presentear a sua m\u00e3e ou a m\u00e3e dos seus filhos. Para fazer o <a href=\"https:\/\/www.germigarden.com\/pt\/pesquisa?tag=Feliz+dia+da+m%C3%A3e\"><strong>presente ideal,<\/strong><\/a> recomendamos que pense onde podemos plant\u00e1-lo. Existem plantas de interior e plantas de exterior, algumas podem coexistir em ambos os espa\u00e7os dependendo de onde vivemos.<\/p>\n\n\n\n<p>As plantas ao ar livre geralmente duram mais e s\u00e3o mais resistentes. Al\u00e9m disso, como \u00e9 primavera podemos aproveitar mais os espa\u00e7os ao ar livre, portanto, poder\u00e1 ver mais do seu presente.<\/p>\n\n\n\n<p>As plantas de interior s\u00e3o outra op\u00e7\u00e3o \u00f3tima e tamb\u00e9m tendem a ser mais espetaculares. Estas plantas costumam estar muito bem adaptadas a espa\u00e7os interiores e, al\u00e9m disso, algumas podem tamb\u00e9m estar em \u00e1reas exteriores cobertas onde n\u00e3o s\u00e3o expostas \u00e0 luz solar direta.<\/p>\n\n\n\n<div class=\"wp-block-image is-style-default\"><figure class=\"aligncenter size-large is-resized\"><img decoding=\"async\" src=\"https:\/\/blog.germigarden.com\/wp-content\/uploads\/2022\/04\/liana-mikah-6KRmH6k3Rdk-unsplash1-1024x768.jpg\" alt=\"\" class=\"wp-image-2888\" width=\"768\" height=\"576\"\/><\/figure><\/div>\n\n\n\n<p>Deixamos-lhe uma lista de exemplos de plantas para presentear neste Dia da M\u00e3e.<\/p>\n\n\n\n<h4 class=\"wp-block-heading\">Lavanda<\/h4>\n\n\n\n<p>A <a href=\"https:\/\/www.germigarden.com\/pt\/lavanda\/556010011-lavanda.html\"><strong>lavanda <\/strong><\/a>\u00e9 uma planta arom\u00e1tica ao ar livre. Muito bonita gra\u00e7as aos seus picos violetas que a tornam t\u00e3o caracter\u00edstica. \u00c9 uma planta que pode ser perfeitamente envasada ou transplantada. Indispens\u00e1vel em qualquer jardim devido \u00e0 sua robustez e cheiro inconfund\u00edvel.<\/p>\n\n\n\n<div class=\"wp-block-image is-style-default\"><figure class=\"aligncenter size-large is-resized\"><a href=\"https:\/\/www.germigarden.com\/pt\/lavanda\/556010011-lavanda.html\"><img decoding=\"async\" src=\"https:\/\/blog.germigarden.com\/wp-content\/uploads\/2022\/04\/6A44CD2E-1346-45D5-99DA-28D024E0CB40-679x1024.jpeg\" alt=\"\" class=\"wp-image-2866\" width=\"340\" height=\"512\"\/><\/a><\/figure><\/div>\n\n\n\n<h4 class=\"wp-block-heading\">Clivia<\/h4>\n\n\n\n<p>A <a href=\"https:\/\/www.germigarden.com\/pt\/interior-com-flor\/550030115-clivia-vaso-13-cm-o.html\"><strong>clivia <\/strong><\/a>\u00e9 uma planta de casa tropical muito bonita. Tem folhas verde-escuras alongadas e faz uma bela flor de laranjeira. \u00c9 uma planta fant\u00e1stica para decorar qualquer espa\u00e7o foliar.<\/p>\n\n\n\n<h4 class=\"wp-block-heading\">Hort\u00eansia<\/h4>\n\n\n\n<p>A <a href=\"https:\/\/www.germigarden.com\/pt\/arbustiva\/550030277-hortensia-vaso-de-15-cm-o.html\"><strong>hort\u00eansia <\/strong><\/a>\u00e9 um arbusto ornamental muito resistente ao frio e com uma flora\u00e7\u00e3o espetacular. Embora possa ir em pleno sol, em climas quentes, onde os ver\u00f5es s\u00e3o secos e rigorosos, \u00e9 melhor coloc\u00e1-lo \u00e0 sombra. Pode crescer muito grande se plantada no solo. Faz flores em rosa, branco e azul.<\/p>\n\n\n\n<div class=\"wp-block-group\"><div class=\"wp-block-group__inner-container is-layout-flow wp-block-group-is-layout-flow\">\n<h4 class=\"wp-block-heading\">Orqu\u00eddeas<\/h4>\n\n\n\n<p>As <a href=\"https:\/\/www.germigarden.com\/pt\/107-orquidea\"><strong>orqu\u00eddeas <\/strong><\/a>s\u00e3o plantas de interior muito difundidas devido \u00e0s suas flores caracter\u00edsticas. Faz flores de muitas cores. O seu cultivo tem que ser em casa num espa\u00e7o com humidade ambiente e muita luz para um correto desenvolvimento.<\/p>\n\n\n\n<div class=\"wp-block-image is-style-default\"><figure class=\"aligncenter size-large is-resized\"><a href=\"https:\/\/www.germigarden.com\/pt\/107-orquidea\"><img decoding=\"async\" src=\"https:\/\/blog.germigarden.com\/wp-content\/uploads\/2022\/04\/C232DC6C-2CFF-4693-87EE-60FC5A7AB80D-656x1024.jpeg\" alt=\"\" class=\"wp-image-2857\" width=\"328\" height=\"512\"\/><\/a><\/figure><\/div>\n<\/div><\/div>\n\n\n\n<h4 class=\"wp-block-heading\">Ant\u00fario<\/h4>\n\n\n\n<p>O <a href=\"https:\/\/www.germigarden.com\/pt\/722-anturios\"><strong>ant\u00fario <\/strong><\/a>\u00e9 uma planta de interior, com folhas ovais, grandes e muito brilhantes, com caules que emergem do solo, e com flores simples, mas muito caracter\u00edsticas e vistosas. O ant\u00fario tem um cultivo muito simples devido \u00e0 sua resist\u00eancia a muitos ambientes internos e floresce o ano todo. Para isso, precisa de uma temperatura constante, acima de 15\u00b0C, sem correntes de ar e nunca tocar os raios do sol.<\/p>\n\n\n\n<h4 class=\"wp-block-heading\">Cravos<\/h4>\n\n\n\n<p>Os <a href=\"https:\/\/www.germigarden.com\/pt\/99-cravos\"><strong>Cravos <\/strong><\/a>ou craveiros&nbsp;s\u00e3o plantas altamente valorizadas por suas flores. A maioria dos cravos que encontramos s\u00e3o nativos das \u00e1reas. Os cravos s\u00e3o um tipo de planta muito utilizada para o jardim. Pode ser plantada no ch\u00e3o, em vaso ou plantador de varanda. Utiliza-se tanto pela sua flora\u00e7\u00e3o f\u00e1cil e abundante, como pela sua resist\u00eancia e pela sua baixa necessidade de manuten\u00e7\u00e3o. Destacamos o cravo chin\u00eas, o cravo do poeta, o craveiro mediterr\u00e2neo e o craveiro Pink Kiss.<\/p>\n\n\n\n<h4 class=\"wp-block-heading\">Roseira Pitimini<\/h4>\n\n\n\n<p>A <strong><a href=\"https:\/\/www.germigarden.com\/pt\/roseiras\/1050500762-roseira-mini-pitimini.html\">roseira pitimini <\/a><\/strong>\u00e9 uma variedade de roseira em miniatura. \u00c9 uma planta de exterior com rosas pequenas, mas abundantes. Al\u00e9m disso, a sua flora\u00e7\u00e3o \u00e9 mais cont\u00ednua. Em espa\u00e7os interiores com muita luz e ambiente h\u00famido pode desenvolver-se perfeitamente, embora o seu local ideal seja em vasos ou diretamente no ch\u00e3o ao ar livre. H\u00e1 roseiras vermelhas, rosas, amarelas, brancas pitimini&#8230;<\/p>\n\n\n\n<div class=\"wp-block-image is-style-default\"><figure class=\"aligncenter size-large is-resized\"><a href=\"https:\/\/www.germigarden.com\/pt\/roseiras\/1050500762-roseira-mini-pitimini.html\"><img decoding=\"async\" src=\"https:\/\/blog.germigarden.com\/wp-content\/uploads\/2022\/04\/D95E13C5-FD74-4680-BC0B-4440A1BF608D-969x1024.jpeg\" alt=\"\" class=\"wp-image-2875\" width=\"485\" height=\"512\"\/><\/a><\/figure><\/div>\n\n\n\n<h4 class=\"wp-block-heading\">Brom\u00e9lias<\/h4>\n\n\n\n<p>As <a href=\"https:\/\/www.germigarden.com\/pt\/1214-bromelia-vriesea\"><strong>brom\u00e9lias <\/strong><\/a>s\u00e3o lindas plantas de interior. Existem dois grandes grupos: as guzmanias e as vrieseas. Muitas brom\u00e9lias s\u00e3o caracterizadas por uma br\u00e1ctea, uma folha modificada da qual as flores crescem. Esta folha difere das demais e est\u00e1 normalmente localizada na parte superior da planta de onde vir\u00e1 a flor. Todas as brom\u00e9lias s\u00e3o relativamente f\u00e1ceis de cultivar, s\u00e3o plantas com flores abundantes e s\u00e3o muito dur\u00e1veis \u200b\u200btemporal, por isso s\u00e3o ideais para decorar qualquer espa\u00e7o da nossa casa.<\/p>\n\n\n\n<h4 class=\"wp-block-heading\">Jasmim de Madagascar ou Stephanotis<\/h4>\n\n\n\n<p><a href=\"https:\/\/www.germigarden.com\/pt\/interior-com-flor\/1050501639-stephanotis.html\"><strong>Stephanotis <\/strong><\/a>ou jasmim de Madagascar \u00e9 uma planta trepadeira com belas flores brancas que s\u00e3o altamente perfumadas. Na maioria dos climas peninsulares \u00e9 considerada uma planta de videira para interiores, pois, sendo tropical, n\u00e3o suporta geadas e n\u00e3o gosta de temperaturas abaixo dos 10\u00ba C. Cria longos caules que se enrolam muito bem em qualquer estaca ou veda\u00e7\u00e3o. \u00c9 uma planta pequena que pode ser usada como uma videira de interior.<\/p>\n\n\n\n<div class=\"wp-block-image is-style-default\"><figure class=\"aligncenter size-large is-resized\"><a href=\"https:\/\/www.germigarden.com\/pt\/interior-com-flor\/1050501639-stephanotis.html\"><img decoding=\"async\" src=\"https:\/\/blog.germigarden.com\/wp-content\/uploads\/2022\/04\/B02DB3CA-85AC-4B6E-9234-E84F589D14BD-813x1024.jpeg\" alt=\"\" class=\"wp-image-2860\" width=\"407\" height=\"512\"\/><\/a><\/figure><\/div>\n\n\n\n<h4 class=\"wp-block-heading\">Azal\u00e9ia<\/h4>\n\n\n\n<p>A <a href=\"https:\/\/www.germigarden.com\/pt\/plantas\/550020051-azalea-vaso-12-cm-o.html\"><strong>azal\u00e9ia <\/strong><\/a>\u00e9 uma planta perene tanto em ambientes internos quanto externos. Tem folhas pequenas e ovais com pontas pontiagudas. Floresce espetacularmente com flores que formam pequenos ramos. Requer solo \u00e1cido. \u00c9 resistente ao frio e precisa de muita luz, mas n\u00e3o de sol direto. As suas flores podem ser brancas ou rosa.<\/p>\n\n\n\n<div class=\"wp-block-image is-style-default\"><figure class=\"aligncenter size-large is-resized\"><a href=\"https:\/\/www.germigarden.com\/pt\/plantas\/550020051-azalea-vaso-12-cm-o.html\"><img decoding=\"async\" src=\"https:\/\/blog.germigarden.com\/wp-content\/uploads\/2022\/04\/3C03A2E5-6119-4DC5-80C7-CE5F88997FB8-1024x986.jpeg\" alt=\"\" class=\"wp-image-2872\" width=\"512\" height=\"493\"\/><\/a><\/figure><\/div>\n\n\n\n<p>Estas plantas podem ser encontradas na GermiGarden com embalagens especiais para o Dia da M\u00e3e. Se quiser ver todas as op\u00e7\u00f5es, <a href=\"https:\/\/www.germigarden.com\/pt\/pesquisa?tag=Feliz+dia+da+m%C3%A3e\"><strong>visite a nossa loja online<\/strong><\/a>.<\/p>\n","protected":false},"excerpt":{"rendered":"<p>O Dia das M\u00e3es \u00e9 uma ocasi\u00e3o especial para presentear a sua m\u00e3e ou a m\u00e3e dos seus filhos. Para fazer o presente ideal, recomendamos que pense onde podemos plant\u00e1-lo. Existem plantas de interior e plantas de exterior, algumas podem coexistir em ambos os espa\u00e7os dependendo de onde vivemos. As plantas ao ar livre geralmente [&hellip;]<\/p>\n","protected":false},"author":2,"featured_media":2888,"comment_status":"open","ping_status":"open","sticky":false,"template":"","format":"standard","meta":{"_et_pb_use_builder":"","_et_pb_old_content":"","_et_gb_content_width":"","footnotes":""},"categories":[45],"tags":[291,222,244],"class_list":["post-2893","post","type-post","status-publish","format-standard","has-post-thumbnail","hentry","category-jardinagem-pt-pt","tag-dia-da-mae","tag-planta-sazonais","tag-plantas-de-interior"],"yoast_head":"<!-- This site is optimized with the Yoast SEO plugin v20.5 - https:\/\/yoast.com\/wordpress\/plugins\/seo\/ -->\n<title>Dia da M\u00e3e: As melhores plantas para dar \u00e0s m\u00e3es - GermiGarden<\/title>\n<meta name=\"robots\" content=\"index, follow, max-snippet:-1, max-image-preview:large, max-video-preview:-1\" \/>\n<link rel=\"canonical\" href=\"https:\/\/blog.germigarden.com\/pt-pt\/jardinagem-pt-pt\/dia-da-mae-as-melhores-plantas-para-dar-as-maes\/\" \/>\n<meta property=\"og:locale\" content=\"pt_PT\" \/>\n<meta property=\"og:type\" content=\"article\" \/>\n<meta property=\"og:title\" content=\"Dia da M\u00e3e: As melhores plantas para dar \u00e0s m\u00e3es - GermiGarden\" \/>\n<meta property=\"og:description\" content=\"O Dia das M\u00e3es \u00e9 uma ocasi\u00e3o especial para presentear a sua m\u00e3e ou a m\u00e3e dos seus filhos. Para fazer o presente ideal, recomendamos que pense onde podemos plant\u00e1-lo. Existem plantas de interior e plantas de exterior, algumas podem coexistir em ambos os espa\u00e7os dependendo de onde vivemos. As plantas ao ar livre geralmente [&hellip;]\" \/>\n<meta property=\"og:url\" content=\"https:\/\/blog.germigarden.com\/pt-pt\/jardinagem-pt-pt\/dia-da-mae-as-melhores-plantas-para-dar-as-maes\/\" \/>\n<meta property=\"og:site_name\" content=\"Germigarden | Blog\" \/>\n<meta property=\"article:publisher\" content=\"https:\/\/www.instagram.com\/germigarden\/?hl=es\" \/>\n<meta property=\"article:published_time\" content=\"2022-04-21T16:55:34+00:00\" \/>\n<meta property=\"article:modified_time\" content=\"2022-04-21T16:55:35+00:00\" \/>\n<meta property=\"og:image\" content=\"https:\/\/blog.germigarden.com\/wp-content\/uploads\/2022\/04\/liana-mikah-6KRmH6k3Rdk-unsplash1-scaled.jpg\" \/>\n\t<meta property=\"og:image:width\" content=\"2560\" \/>\n\t<meta property=\"og:image:height\" content=\"1920\" \/>\n\t<meta property=\"og:image:type\" content=\"image\/jpeg\" \/>\n<meta name=\"author\" content=\"GermiGarden\" \/>\n<meta name=\"twitter:card\" content=\"summary_large_image\" \/>\n<meta name=\"twitter:label1\" content=\"Escrito por\" \/>\n\t<meta name=\"twitter:data1\" content=\"GermiGarden\" \/>\n\t<meta name=\"twitter:label2\" content=\"Tempo estimado de leitura\" \/>\n\t<meta name=\"twitter:data2\" content=\"4 minutos\" \/>\n<script type=\"application\/ld+json\" class=\"yoast-schema-graph\">{\"@context\":\"https:\/\/schema.org\",\"@graph\":[{\"@type\":\"Article\",\"@id\":\"https:\/\/blog.germigarden.com\/pt-pt\/jardinagem-pt-pt\/dia-da-mae-as-melhores-plantas-para-dar-as-maes\/#article\",\"isPartOf\":{\"@id\":\"https:\/\/blog.germigarden.com\/pt-pt\/jardinagem-pt-pt\/dia-da-mae-as-melhores-plantas-para-dar-as-maes\/\"},\"author\":{\"name\":\"GermiGarden\",\"@id\":\"https:\/\/blog.germigarden.com\/pt-pt\/#\/schema\/person\/686f50a524e2347177e6b2cd3e7a827f\"},\"headline\":\"Dia da M\u00e3e: As melhores plantas para dar \u00e0s m\u00e3es\",\"datePublished\":\"2022-04-21T16:55:34+00:00\",\"dateModified\":\"2022-04-21T16:55:35+00:00\",\"mainEntityOfPage\":{\"@id\":\"https:\/\/blog.germigarden.com\/pt-pt\/jardinagem-pt-pt\/dia-da-mae-as-melhores-plantas-para-dar-as-maes\/\"},\"wordCount\":826,\"commentCount\":0,\"publisher\":{\"@id\":\"https:\/\/blog.germigarden.com\/pt-pt\/#organization\"},\"keywords\":[\"Dia da M\u00e3e\",\"Planta sazonais\",\"Plantas de interior\"],\"articleSection\":[\"Jardinagem\"],\"inLanguage\":\"pt-PT\",\"potentialAction\":[{\"@type\":\"CommentAction\",\"name\":\"Comment\",\"target\":[\"https:\/\/blog.germigarden.com\/pt-pt\/jardinagem-pt-pt\/dia-da-mae-as-melhores-plantas-para-dar-as-maes\/#respond\"]}]},{\"@type\":\"WebPage\",\"@id\":\"https:\/\/blog.germigarden.com\/pt-pt\/jardinagem-pt-pt\/dia-da-mae-as-melhores-plantas-para-dar-as-maes\/\",\"url\":\"https:\/\/blog.germigarden.com\/pt-pt\/jardinagem-pt-pt\/dia-da-mae-as-melhores-plantas-para-dar-as-maes\/\",\"name\":\"Dia da M\u00e3e: As melhores plantas para dar \u00e0s m\u00e3es - GermiGarden\",\"isPartOf\":{\"@id\":\"https:\/\/blog.germigarden.com\/pt-pt\/#website\"},\"datePublished\":\"2022-04-21T16:55:34+00:00\",\"dateModified\":\"2022-04-21T16:55:35+00:00\",\"breadcrumb\":{\"@id\":\"https:\/\/blog.germigarden.com\/pt-pt\/jardinagem-pt-pt\/dia-da-mae-as-melhores-plantas-para-dar-as-maes\/#breadcrumb\"},\"inLanguage\":\"pt-PT\",\"potentialAction\":[{\"@type\":\"ReadAction\",\"target\":[\"https:\/\/blog.germigarden.com\/pt-pt\/jardinagem-pt-pt\/dia-da-mae-as-melhores-plantas-para-dar-as-maes\/\"]}]},{\"@type\":\"BreadcrumbList\",\"@id\":\"https:\/\/blog.germigarden.com\/pt-pt\/jardinagem-pt-pt\/dia-da-mae-as-melhores-plantas-para-dar-as-maes\/#breadcrumb\",\"itemListElement\":[{\"@type\":\"ListItem\",\"position\":1,\"name\":\"Portada\",\"item\":\"https:\/\/blog.germigarden.com\/pt-pt\/\"},{\"@type\":\"ListItem\",\"position\":2,\"name\":\"Dia da M\u00e3e: As melhores plantas para dar \u00e0s m\u00e3es\"}]},{\"@type\":\"WebSite\",\"@id\":\"https:\/\/blog.germigarden.com\/pt-pt\/#website\",\"url\":\"https:\/\/blog.germigarden.com\/pt-pt\/\",\"name\":\"Blog de GermiGarden\",\"description\":\"El blog de tu garden online\",\"publisher\":{\"@id\":\"https:\/\/blog.germigarden.com\/pt-pt\/#organization\"},\"potentialAction\":[{\"@type\":\"SearchAction\",\"target\":{\"@type\":\"EntryPoint\",\"urlTemplate\":\"https:\/\/blog.germigarden.com\/pt-pt\/?s={search_term_string}\"},\"query-input\":\"required name=search_term_string\"}],\"inLanguage\":\"pt-PT\"},{\"@type\":\"Organization\",\"@id\":\"https:\/\/blog.germigarden.com\/pt-pt\/#organization\",\"name\":\"Blog de GermiGarden\",\"url\":\"https:\/\/blog.germigarden.com\/pt-pt\/\",\"logo\":{\"@type\":\"ImageObject\",\"inLanguage\":\"pt-PT\",\"@id\":\"https:\/\/blog.germigarden.com\/pt-pt\/#\/schema\/logo\/image\/\",\"url\":\"https:\/\/blog.germigarden.com\/wp-content\/uploads\/2022\/04\/germigarden.png\",\"contentUrl\":\"https:\/\/blog.germigarden.com\/wp-content\/uploads\/2022\/04\/germigarden.png\",\"width\":252,\"height\":116,\"caption\":\"Blog de GermiGarden\"},\"image\":{\"@id\":\"https:\/\/blog.germigarden.com\/pt-pt\/#\/schema\/logo\/image\/\"},\"sameAs\":[\"https:\/\/www.instagram.com\/germigarden\/?hl=es\",\"https:\/\/www.youtube.com\/channel\/UCZNxfjmIpZZFt1XYLH7vEOQ\"]},{\"@type\":\"Person\",\"@id\":\"https:\/\/blog.germigarden.com\/pt-pt\/#\/schema\/person\/686f50a524e2347177e6b2cd3e7a827f\",\"name\":\"GermiGarden\",\"image\":{\"@type\":\"ImageObject\",\"inLanguage\":\"pt-PT\",\"@id\":\"https:\/\/blog.germigarden.com\/pt-pt\/#\/schema\/person\/image\/\",\"url\":\"https:\/\/secure.gravatar.com\/avatar\/a626aaa87d3e70ba460907a2ed89f656431172f7f0219bb6ba18a8866fdfa5a3?s=96&d=mm&r=g\",\"contentUrl\":\"https:\/\/secure.gravatar.com\/avatar\/a626aaa87d3e70ba460907a2ed89f656431172f7f0219bb6ba18a8866fdfa5a3?s=96&d=mm&r=g\",\"caption\":\"GermiGarden\"},\"sameAs\":[\"https:\/\/blog.germigarden.com\/\"]}]}<\/script>\n<!-- \/ Yoast SEO plugin. -->","yoast_head_json":{"title":"Dia da M\u00e3e: As melhores plantas para dar \u00e0s m\u00e3es - GermiGarden","robots":{"index":"index","follow":"follow","max-snippet":"max-snippet:-1","max-image-preview":"max-image-preview:large","max-video-preview":"max-video-preview:-1"},"canonical":"https:\/\/blog.germigarden.com\/pt-pt\/jardinagem-pt-pt\/dia-da-mae-as-melhores-plantas-para-dar-as-maes\/","og_locale":"pt_PT","og_type":"article","og_title":"Dia da M\u00e3e: As melhores plantas para dar \u00e0s m\u00e3es - GermiGarden","og_description":"O Dia das M\u00e3es \u00e9 uma ocasi\u00e3o especial para presentear a sua m\u00e3e ou a m\u00e3e dos seus filhos. Para fazer o presente ideal, recomendamos que pense onde podemos plant\u00e1-lo. Existem plantas de interior e plantas de exterior, algumas podem coexistir em ambos os espa\u00e7os dependendo de onde vivemos. As plantas ao ar livre geralmente [&hellip;]","og_url":"https:\/\/blog.germigarden.com\/pt-pt\/jardinagem-pt-pt\/dia-da-mae-as-melhores-plantas-para-dar-as-maes\/","og_site_name":"Germigarden | Blog","article_publisher":"https:\/\/www.instagram.com\/germigarden\/?hl=es","article_published_time":"2022-04-21T16:55:34+00:00","article_modified_time":"2022-04-21T16:55:35+00:00","og_image":[{"width":2560,"height":1920,"url":"https:\/\/blog.germigarden.com\/wp-content\/uploads\/2022\/04\/liana-mikah-6KRmH6k3Rdk-unsplash1-scaled.jpg","type":"image\/jpeg"}],"author":"GermiGarden","twitter_card":"summary_large_image","twitter_misc":{"Escrito por":"GermiGarden","Tempo estimado de leitura":"4 minutos"},"schema":{"@context":"https:\/\/schema.org","@graph":[{"@type":"Article","@id":"https:\/\/blog.germigarden.com\/pt-pt\/jardinagem-pt-pt\/dia-da-mae-as-melhores-plantas-para-dar-as-maes\/#article","isPartOf":{"@id":"https:\/\/blog.germigarden.com\/pt-pt\/jardinagem-pt-pt\/dia-da-mae-as-melhores-plantas-para-dar-as-maes\/"},"author":{"name":"GermiGarden","@id":"https:\/\/blog.germigarden.com\/pt-pt\/#\/schema\/person\/686f50a524e2347177e6b2cd3e7a827f"},"headline":"Dia da M\u00e3e: As melhores plantas para dar \u00e0s m\u00e3es","datePublished":"2022-04-21T16:55:34+00:00","dateModified":"2022-04-21T16:55:35+00:00","mainEntityOfPage":{"@id":"https:\/\/blog.germigarden.com\/pt-pt\/jardinagem-pt-pt\/dia-da-mae-as-melhores-plantas-para-dar-as-maes\/"},"wordCount":826,"commentCount":0,"publisher":{"@id":"https:\/\/blog.germigarden.com\/pt-pt\/#organization"},"keywords":["Dia da M\u00e3e","Planta sazonais","Plantas de interior"],"articleSection":["Jardinagem"],"inLanguage":"pt-PT","potentialAction":[{"@type":"CommentAction","name":"Comment","target":["https:\/\/blog.germigarden.com\/pt-pt\/jardinagem-pt-pt\/dia-da-mae-as-melhores-plantas-para-dar-as-maes\/#respond"]}]},{"@type":"WebPage","@id":"https:\/\/blog.germigarden.com\/pt-pt\/jardinagem-pt-pt\/dia-da-mae-as-melhores-plantas-para-dar-as-maes\/","url":"https:\/\/blog.germigarden.com\/pt-pt\/jardinagem-pt-pt\/dia-da-mae-as-melhores-plantas-para-dar-as-maes\/","name":"Dia da M\u00e3e: As melhores plantas para dar \u00e0s m\u00e3es - GermiGarden","isPartOf":{"@id":"https:\/\/blog.germigarden.com\/pt-pt\/#website"},"datePublished":"2022-04-21T16:55:34+00:00","dateModified":"2022-04-21T16:55:35+00:00","breadcrumb":{"@id":"https:\/\/blog.germigarden.com\/pt-pt\/jardinagem-pt-pt\/dia-da-mae-as-melhores-plantas-para-dar-as-maes\/#breadcrumb"},"inLanguage":"pt-PT","potentialAction":[{"@type":"ReadAction","target":["https:\/\/blog.germigarden.com\/pt-pt\/jardinagem-pt-pt\/dia-da-mae-as-melhores-plantas-para-dar-as-maes\/"]}]},{"@type":"BreadcrumbList","@id":"https:\/\/blog.germigarden.com\/pt-pt\/jardinagem-pt-pt\/dia-da-mae-as-melhores-plantas-para-dar-as-maes\/#breadcrumb","itemListElement":[{"@type":"ListItem","position":1,"name":"Portada","item":"https:\/\/blog.germigarden.com\/pt-pt\/"},{"@type":"ListItem","position":2,"name":"Dia da M\u00e3e: As melhores plantas para dar \u00e0s m\u00e3es"}]},{"@type":"WebSite","@id":"https:\/\/blog.germigarden.com\/pt-pt\/#website","url":"https:\/\/blog.germigarden.com\/pt-pt\/","name":"Blog de GermiGarden","description":"El blog de tu garden online","publisher":{"@id":"https:\/\/blog.germigarden.com\/pt-pt\/#organization"},"potentialAction":[{"@type":"SearchAction","target":{"@type":"EntryPoint","urlTemplate":"https:\/\/blog.germigarden.com\/pt-pt\/?s={search_term_string}"},"query-input":"required name=search_term_string"}],"inLanguage":"pt-PT"},{"@type":"Organization","@id":"https:\/\/blog.germigarden.com\/pt-pt\/#organization","name":"Blog de GermiGarden","url":"https:\/\/blog.germigarden.com\/pt-pt\/","logo":{"@type":"ImageObject","inLanguage":"pt-PT","@id":"https:\/\/blog.germigarden.com\/pt-pt\/#\/schema\/logo\/image\/","url":"https:\/\/blog.germigarden.com\/wp-content\/uploads\/2022\/04\/germigarden.png","contentUrl":"https:\/\/blog.germigarden.com\/wp-content\/uploads\/2022\/04\/germigarden.png","width":252,"height":116,"caption":"Blog de GermiGarden"},"image":{"@id":"https:\/\/blog.germigarden.com\/pt-pt\/#\/schema\/logo\/image\/"},"sameAs":["https:\/\/www.instagram.com\/germigarden\/?hl=es","https:\/\/www.youtube.com\/channel\/UCZNxfjmIpZZFt1XYLH7vEOQ"]},{"@type":"Person","@id":"https:\/\/blog.germigarden.com\/pt-pt\/#\/schema\/person\/686f50a524e2347177e6b2cd3e7a827f","name":"GermiGarden","image":{"@type":"ImageObject","inLanguage":"pt-PT","@id":"https:\/\/blog.germigarden.com\/pt-pt\/#\/schema\/person\/image\/","url":"https:\/\/secure.gravatar.com\/avatar\/a626aaa87d3e70ba460907a2ed89f656431172f7f0219bb6ba18a8866fdfa5a3?s=96&d=mm&r=g","contentUrl":"https:\/\/secure.gravatar.com\/avatar\/a626aaa87d3e70ba460907a2ed89f656431172f7f0219bb6ba18a8866fdfa5a3?s=96&d=mm&r=g","caption":"GermiGarden"},"sameAs":["https:\/\/blog.germigarden.com\/"]}]}},"_links":{"self":[{"href":"https:\/\/blog.germigarden.com\/pt-pt\/wp-json\/wp\/v2\/posts\/2893","targetHints":{"allow":["GET"]}}],"collection":[{"href":"https:\/\/blog.germigarden.com\/pt-pt\/wp-json\/wp\/v2\/posts"}],"about":[{"href":"https:\/\/blog.germigarden.com\/pt-pt\/wp-json\/wp\/v2\/types\/post"}],"author":[{"embeddable":true,"href":"https:\/\/blog.germigarden.com\/pt-pt\/wp-json\/wp\/v2\/users\/2"}],"replies":[{"embeddable":true,"href":"https:\/\/blog.germigarden.com\/pt-pt\/wp-json\/wp\/v2\/comments?post=2893"}],"version-history":[{"count":4,"href":"https:\/\/blog.germigarden.com\/pt-pt\/wp-json\/wp\/v2\/posts\/2893\/revisions"}],"predecessor-version":[{"id":2899,"href":"https:\/\/blog.germigarden.com\/pt-pt\/wp-json\/wp\/v2\/posts\/2893\/revisions\/2899"}],"wp:featuredmedia":[{"embeddable":true,"href":"https:\/\/blog.germigarden.com\/pt-pt\/wp-json\/wp\/v2\/media\/2888"}],"wp:attachment":[{"href":"https:\/\/blog.germigarden.com\/pt-pt\/wp-json\/wp\/v2\/media?parent=2893"}],"wp:term":[{"taxonomy":"category","embeddable":true,"href":"https:\/\/blog.germigarden.com\/pt-pt\/wp-json\/wp\/v2\/categories?post=2893"},{"taxonomy":"post_tag","embeddable":true,"href":"https:\/\/blog.germigarden.com\/pt-pt\/wp-json\/wp\/v2\/tags?post=2893"}],"curies":[{"name":"wp","href":"https:\/\/api.w.org\/{rel}","templated":true}]}}