{"id":3674,"date":"2022-06-15T09:30:37","date_gmt":"2022-06-15T07:30:37","guid":{"rendered":"https:\/\/blog.germigarden.com\/?p=3674"},"modified":"2022-06-16T10:10:33","modified_gmt":"2022-06-16T08:10:33","slug":"6-maneiras-naturais-de-prevenir-e-curar-alergias","status":"publish","type":"post","link":"https:\/\/blog.germigarden.com\/pt-pt\/consultorio-pt-pt\/6-maneiras-naturais-de-prevenir-e-curar-alergias\/","title":{"rendered":"6 maneiras naturais de prevenir e curar alergias"},"content":{"rendered":"\n<p>Llegan \u00e9pocas en los que los al\u00e9rgicos al polen se acuerdan de las clases de ciencias naturales donde explicaban los m\u00e9todos de reproducci\u00f3n de las plantas. Para los que no os acord\u00e9is, las plantas se reproducen gracias al polen. Las plantas liberan polen para poder fecundar las flores. A algunas personas, este polen les provoca alergia que normalmente <strong>afecta a la nariz, ojos y piel.<\/strong> Si eres de este grupo de personas que en primavera tiene muchos problemas de alergia, te dejamos aqu\u00ed un listado de remedios y consejos para curar alergias.<\/p>\n<div class=\"wp-block-image is-style-default\">\n<figure class=\"aligncenter size-large is-resized\"><img decoding=\"async\" src=\"https:\/\/blog.germigarden.com\/wp-content\/uploads\/2022\/05\/alex-jones-ZAoR6t7mvoM-unsplash-1024x683.jpg\" alt=\"consejos para curar alergias\" class=\"wp-image-3311\" width=\"768\" height=\"512\"\/><\/figure><\/div>\n<h2 class=\"wp-block-heading\">Consejos para no tener alergias en casa<\/h2>\n\n<p>Adem\u00e1s de los remedios que te daremos, tambi\u00e9n podemos hacer medidas preventivas que se basan en h\u00e1bitos de higiene.<\/p>\n\n<p>Lo m\u00e1s habitual en casa es tener acumulaci\u00f3n de polvo, pero en primavera a veces tambi\u00e9n podemos acumular polen no solo en casa sino tambi\u00e9n en la ropa. Por lo tanto, te recomendamos <strong>ventilar la casa a primera hora de la ma\u00f1ana<\/strong>. Suele ser cuando hay menos polen y adem\u00e1s es cuando hace una temperatura m\u00e1s fresca. La ropa tambi\u00e9n te recomendamos que la ventiles o laves con bastante frecuencia.\u00a0 Parte de la ropa de la calle tambi\u00e9n deber\u00edamos hacerlo en la ropa de cama, ya que tambi\u00e9n se acumula polen y otros agentes que causan alergias como \u00e1caros. Eso s\u00ed, es importante no hacerlo en los picos de altos contenidos de polen, es decir, al mediod\u00eda o primera hora de la tarde.<\/p>\n<div class=\"wp-block-image is-style-default\">\n<figure class=\"aligncenter size-large is-resized\"><img decoding=\"async\" src=\"https:\/\/blog.germigarden.com\/wp-content\/uploads\/2022\/05\/megan-lee-fqF4z2ajwSU-unsplash-1024x681.jpg\" alt=\"consejos para curar alergias\" class=\"wp-image-3317\" width=\"512\" height=\"341\"\/><\/figure><\/div>\n<p>Tambi\u00e9n recomendamos <strong>no tener peluches ni un exceso de cojines<\/strong> y otros objetos para decorar que acumulen mucho polvo. Normalmente, son innecesarios y cuestan mucho de limpiar. Para limpiarlos lo que recomendamos es usar un aspirador y trapo h\u00famedo. Debemos evitar hacerlo con un plumero. Lo \u00fanico que haces con el plumero es mover el polvo de un lado a otro.<\/p>\n\n<p>Si tienes jard\u00edn y tienes que desbrozar o cortar el c\u00e9sped, es muy crucial <strong>proteger tus v\u00edas respiratorias<\/strong>, as\u00ed como manos y ojos, ya que cualquier contacto con la hierba cortada o peque\u00f1as part\u00edculas que se desprendan va a provocar una reacci\u00f3n al\u00e9rgica. Utiliza <a href=\"https:\/\/www.germigarden.com\/es\/69-proteccion-personal\">guantes, mascarilla y otras protecciones<\/a>. Una vez terminadas tus tareas de jardiner\u00eda, qu\u00edtate la ropa y l\u00e1vala para evitar un contacto excesivo con estos al\u00e9rgenos.<\/p>\n\n<h2 class=\"wp-block-heading\">Remedios naturales para prevenir y curar las alergias.<\/h2>\n\n<h3 class=\"wp-block-heading\">Limpiar fosas nasales con agua salada<\/h3>\n\n<p>La sal es un alimento clave para los humanos, aparte de saborizante, tambi\u00e9n es muy \u00fatil a la hora de sanear y limpiar. Recomendamos limpiarte la nariz con agua salada y tambi\u00e9n puedes hacer g\u00e1rgaras, sobre todo si tienes problemas en el cuello.<\/p>\n<div class=\"wp-block-image is-style-default\">\n<figure class=\"aligncenter size-large is-resized\"><img decoding=\"async\" src=\"https:\/\/blog.germigarden.com\/wp-content\/uploads\/2022\/05\/brittany-colette-CDN2nTKfrA-unsplash-1024x683.jpg\" alt=\"consejos para prevenir alergias\" class=\"wp-image-3314\" width=\"512\" height=\"342\"\/><\/figure><\/div>\n<h3 class=\"wp-block-heading\">A\u00f1ade miel a tus infusiones<\/h3>\n\n<p>En primer lugar, y aunque parezca parad\u00f3jico, la miel es un producto que va bien para las personas con alergias, ya que contiene unas peque\u00f1as cantidades de polen. Al igual que la teor\u00eda que se dice con las pastillas de homeopat\u00eda, lo que hacemos aqu\u00ed es ingerir peque\u00f1as cantidades de polen, curiosamente los que producen alergia. Si se hace de una manera regular, nuestro propio cuerpo se va acostumbrando. Adem\u00e1s, y quiz\u00e1s lo m\u00e1s importante de este remedio, es que la miel contiene infinidad de vitaminas y compuestos que producen efectos antihistam\u00ednicos en el cuerpo, ayudando a disminuir los efectos de las alergias. Si quieres mas informaci\u00f3n sobre <a href=\"https:\/\/blog.germigarden.com\/jardineria\/plantas-meliferas-que-atraen-las-abejas-lavanda-mejorana-miel\/\">mieles y las plantas mel\u00edferas<\/a>, consulta nuestro art\u00edculo. <\/p>\n\n<h3 class=\"wp-block-heading\">Toma infusiones de t\u00e9 verde<\/h3>\n\n<p>El t\u00e9 verde tiene muchas propiedades beneficiosas para la salud. Es un producto que se suele tomar en infusi\u00f3n. Contiene muchos compuestos como vitaminas y entre ellos dos que producen unos efectos muy interesantes. La te\u00edna que es com\u00fan en todos los t\u00e9s (aunque el t\u00e9 verde es de los que tiene un menor contenido en te\u00edna) y despu\u00e9s la propiedad que tiene el t\u00e9 verde para inhibir la producci\u00f3n de histamina. Por lo tanto, aliviar\u00e1 los s\u00edntomas producidos por las reacciones alergias.<\/p>\n<div class=\"wp-block-image is-style-default\">\n<figure class=\"aligncenter size-large is-resized\"><img decoding=\"async\" src=\"https:\/\/blog.germigarden.com\/wp-content\/uploads\/2022\/05\/nathan-dumlao-BWWI0A_erTo-unsplash-1024x1024.jpg\" alt=\"maneras naturales para curar alergias\" class=\"wp-image-3320\" width=\"512\" height=\"512\"\/><\/figure><\/div>\n<h3 class=\"wp-block-heading\">Haz vahos de vapor con eucalipto<\/h3>\n\n<p>El eucalipto es una planta muy conocida por su gran poder expectorante. Los <a href=\"https:\/\/www.germigarden.com\/es\/arbustiva\/1050503326-eucalipto-gunny.html?search_query=eucalip&amp;results=5\">eucaliptos <\/a>son \u00e1rboles enormes con un aroma muy fuerte. De ah\u00ed que se utilice tanto en algunos productos medicinales como Vick VapoRub u otras cremas para cuando estamos resfriados. Como resultado, es de ayuda para las personas con alergia. Lo podemos encontrar en cremas y en otros formatos como aceites o en seco. Te recomendamos hacer infusiones de eucaliptos. Con una toalla pon la cara cerca de la olla e inhala el vapor<\/p>\n\n<h3 class=\"wp-block-heading\">A\u00f1ade c\u00farcuma a tus platos<\/h3>\n\n<p>La c\u00farcuma es una especie oriental que tiene muchas propiedades buenas para la salud. Es antioxidante y antiinflamatoria. Aparte de los beneficios que tiene por la salud, gracias a su efecto antioxidante tambi\u00e9n es antiinflamatorio. Por lo tanto, todos estos s\u00edntomas de hinchaz\u00f3n debido a las alergias podr\u00e1n ser aliviadas gracias a la c\u00farcuma. No tiene un efecto tan grande como los otros remedios, pero s\u00ed que es muy bueno e incorporarlo en nuestra dieta.<\/p>\n<div class=\"wp-block-image is-style-default\">\n<figure class=\"aligncenter size-large is-resized\"><img decoding=\"async\" src=\"https:\/\/blog.germigarden.com\/wp-content\/uploads\/2022\/05\/tina-witherspoon-14_UxPJFCfE-unsplash-1024x768.jpg\" alt=\"maneras naturales para prevenir y curar alergias\" class=\"wp-image-3308\" width=\"512\" height=\"384\"\/><\/figure><\/div>\n<p>Todos estos remedios son alternativas o complementos a los tratamientos que te pueda dar tu m\u00e9dico de confianza. Por eso recomendamos que, si realmente tienes muchos problemas de alergia, acudas a un m\u00e9dico especializado para que te recete un medicamento m\u00e1s efectivo.<\/p>\n","protected":false},"excerpt":{"rendered":"<p>Llegan \u00e9pocas en los que los al\u00e9rgicos al polen se acuerdan de las clases de ciencias naturales donde explicaban los m\u00e9todos de reproducci\u00f3n de las plantas. Para los que no os acord\u00e9is, las plantas se reproducen gracias al polen. Las plantas liberan polen para poder fecundar las flores. A algunas personas, este polen les provoca [&hellip;]<\/p>\n","protected":false},"author":2,"featured_media":3311,"comment_status":"open","ping_status":"open","sticky":false,"template":"","format":"standard","meta":{"_et_pb_use_builder":"","_et_pb_old_content":"","_et_gb_content_width":"","footnotes":""},"categories":[57],"tags":[332,141],"class_list":["post-3674","post","type-post","status-publish","format-standard","has-post-thumbnail","hentry","category-consultorio-pt-pt","tag-alergias","tag-primavera-3"],"yoast_head":"<!-- This site is optimized with the Yoast SEO plugin v20.5 - https:\/\/yoast.com\/wordpress\/plugins\/seo\/ -->\n<title>6 maneiras naturais de prevenir e curar alergias - GermiGarden<\/title>\n<meta name=\"description\" content=\"Em algumas pessoas, o p\u00f3len causa alergias que afetam o nariz, os olhos e a pele. Deixamos-lhe uma lista de dicas para curar alergias.\" \/>\n<meta name=\"robots\" content=\"index, follow, max-snippet:-1, max-image-preview:large, max-video-preview:-1\" \/>\n<link rel=\"canonical\" href=\"https:\/\/blog.germigarden.com\/pt-pt\/consultorio-pt-pt\/6-maneiras-naturais-de-prevenir-e-curar-alergias\/\" \/>\n<meta property=\"og:locale\" content=\"pt_PT\" \/>\n<meta property=\"og:type\" content=\"article\" \/>\n<meta property=\"og:title\" content=\"6 maneiras naturais de prevenir e curar alergias - GermiGarden\" \/>\n<meta property=\"og:description\" content=\"Em algumas pessoas, o p\u00f3len causa alergias que afetam o nariz, os olhos e a pele. Deixamos-lhe uma lista de dicas para curar alergias.\" \/>\n<meta property=\"og:url\" content=\"https:\/\/blog.germigarden.com\/pt-pt\/consultorio-pt-pt\/6-maneiras-naturais-de-prevenir-e-curar-alergias\/\" \/>\n<meta property=\"og:site_name\" content=\"Germigarden | Blog\" \/>\n<meta property=\"article:publisher\" content=\"https:\/\/www.instagram.com\/germigarden\/?hl=es\" \/>\n<meta property=\"article:published_time\" content=\"2022-06-15T07:30:37+00:00\" \/>\n<meta property=\"article:modified_time\" content=\"2022-06-16T08:10:33+00:00\" \/>\n<meta property=\"og:image\" content=\"https:\/\/blog.germigarden.com\/wp-content\/uploads\/2022\/05\/alex-jones-ZAoR6t7mvoM-unsplash.jpg\" \/>\n\t<meta property=\"og:image:width\" content=\"2400\" \/>\n\t<meta property=\"og:image:height\" content=\"1600\" \/>\n\t<meta property=\"og:image:type\" content=\"image\/jpeg\" \/>\n<meta name=\"author\" content=\"GermiGarden\" \/>\n<meta name=\"twitter:card\" content=\"summary_large_image\" \/>\n<meta name=\"twitter:label1\" content=\"Escrito por\" \/>\n\t<meta name=\"twitter:data1\" content=\"GermiGarden\" \/>\n\t<meta name=\"twitter:label2\" content=\"Tempo estimado de leitura\" \/>\n\t<meta name=\"twitter:data2\" content=\"5 minutos\" \/>\n<script type=\"application\/ld+json\" class=\"yoast-schema-graph\">{\"@context\":\"https:\/\/schema.org\",\"@graph\":[{\"@type\":\"Article\",\"@id\":\"https:\/\/blog.germigarden.com\/pt-pt\/consultorio-pt-pt\/6-maneiras-naturais-de-prevenir-e-curar-alergias\/#article\",\"isPartOf\":{\"@id\":\"https:\/\/blog.germigarden.com\/pt-pt\/consultorio-pt-pt\/6-maneiras-naturais-de-prevenir-e-curar-alergias\/\"},\"author\":{\"name\":\"GermiGarden\",\"@id\":\"https:\/\/blog.germigarden.com\/pt-pt\/#\/schema\/person\/686f50a524e2347177e6b2cd3e7a827f\"},\"headline\":\"6 maneiras naturais de prevenir e curar alergias\",\"datePublished\":\"2022-06-15T07:30:37+00:00\",\"dateModified\":\"2022-06-16T08:10:33+00:00\",\"mainEntityOfPage\":{\"@id\":\"https:\/\/blog.germigarden.com\/pt-pt\/consultorio-pt-pt\/6-maneiras-naturais-de-prevenir-e-curar-alergias\/\"},\"wordCount\":925,\"commentCount\":0,\"publisher\":{\"@id\":\"https:\/\/blog.germigarden.com\/pt-pt\/#organization\"},\"keywords\":[\"Alergias\",\"Primavera\"],\"articleSection\":[\"Consult\u00f3rio\"],\"inLanguage\":\"pt-PT\",\"potentialAction\":[{\"@type\":\"CommentAction\",\"name\":\"Comment\",\"target\":[\"https:\/\/blog.germigarden.com\/pt-pt\/consultorio-pt-pt\/6-maneiras-naturais-de-prevenir-e-curar-alergias\/#respond\"]}]},{\"@type\":\"WebPage\",\"@id\":\"https:\/\/blog.germigarden.com\/pt-pt\/consultorio-pt-pt\/6-maneiras-naturais-de-prevenir-e-curar-alergias\/\",\"url\":\"https:\/\/blog.germigarden.com\/pt-pt\/consultorio-pt-pt\/6-maneiras-naturais-de-prevenir-e-curar-alergias\/\",\"name\":\"6 maneiras naturais de prevenir e curar alergias - GermiGarden\",\"isPartOf\":{\"@id\":\"https:\/\/blog.germigarden.com\/pt-pt\/#website\"},\"datePublished\":\"2022-06-15T07:30:37+00:00\",\"dateModified\":\"2022-06-16T08:10:33+00:00\",\"description\":\"Em algumas pessoas, o p\u00f3len causa alergias que afetam o nariz, os olhos e a pele. Deixamos-lhe uma lista de dicas para curar alergias.\",\"breadcrumb\":{\"@id\":\"https:\/\/blog.germigarden.com\/pt-pt\/consultorio-pt-pt\/6-maneiras-naturais-de-prevenir-e-curar-alergias\/#breadcrumb\"},\"inLanguage\":\"pt-PT\",\"potentialAction\":[{\"@type\":\"ReadAction\",\"target\":[\"https:\/\/blog.germigarden.com\/pt-pt\/consultorio-pt-pt\/6-maneiras-naturais-de-prevenir-e-curar-alergias\/\"]}]},{\"@type\":\"BreadcrumbList\",\"@id\":\"https:\/\/blog.germigarden.com\/pt-pt\/consultorio-pt-pt\/6-maneiras-naturais-de-prevenir-e-curar-alergias\/#breadcrumb\",\"itemListElement\":[{\"@type\":\"ListItem\",\"position\":1,\"name\":\"Portada\",\"item\":\"https:\/\/blog.germigarden.com\/pt-pt\/\"},{\"@type\":\"ListItem\",\"position\":2,\"name\":\"6 maneiras naturais de prevenir e curar alergias\"}]},{\"@type\":\"WebSite\",\"@id\":\"https:\/\/blog.germigarden.com\/pt-pt\/#website\",\"url\":\"https:\/\/blog.germigarden.com\/pt-pt\/\",\"name\":\"Blog de GermiGarden\",\"description\":\"El blog de tu garden online\",\"publisher\":{\"@id\":\"https:\/\/blog.germigarden.com\/pt-pt\/#organization\"},\"potentialAction\":[{\"@type\":\"SearchAction\",\"target\":{\"@type\":\"EntryPoint\",\"urlTemplate\":\"https:\/\/blog.germigarden.com\/pt-pt\/?s={search_term_string}\"},\"query-input\":\"required name=search_term_string\"}],\"inLanguage\":\"pt-PT\"},{\"@type\":\"Organization\",\"@id\":\"https:\/\/blog.germigarden.com\/pt-pt\/#organization\",\"name\":\"Blog de GermiGarden\",\"url\":\"https:\/\/blog.germigarden.com\/pt-pt\/\",\"logo\":{\"@type\":\"ImageObject\",\"inLanguage\":\"pt-PT\",\"@id\":\"https:\/\/blog.germigarden.com\/pt-pt\/#\/schema\/logo\/image\/\",\"url\":\"https:\/\/blog.germigarden.com\/wp-content\/uploads\/2022\/04\/germigarden.png\",\"contentUrl\":\"https:\/\/blog.germigarden.com\/wp-content\/uploads\/2022\/04\/germigarden.png\",\"width\":252,\"height\":116,\"caption\":\"Blog de GermiGarden\"},\"image\":{\"@id\":\"https:\/\/blog.germigarden.com\/pt-pt\/#\/schema\/logo\/image\/\"},\"sameAs\":[\"https:\/\/www.instagram.com\/germigarden\/?hl=es\",\"https:\/\/www.youtube.com\/channel\/UCZNxfjmIpZZFt1XYLH7vEOQ\"]},{\"@type\":\"Person\",\"@id\":\"https:\/\/blog.germigarden.com\/pt-pt\/#\/schema\/person\/686f50a524e2347177e6b2cd3e7a827f\",\"name\":\"GermiGarden\",\"image\":{\"@type\":\"ImageObject\",\"inLanguage\":\"pt-PT\",\"@id\":\"https:\/\/blog.germigarden.com\/pt-pt\/#\/schema\/person\/image\/\",\"url\":\"https:\/\/secure.gravatar.com\/avatar\/a626aaa87d3e70ba460907a2ed89f656431172f7f0219bb6ba18a8866fdfa5a3?s=96&d=mm&r=g\",\"contentUrl\":\"https:\/\/secure.gravatar.com\/avatar\/a626aaa87d3e70ba460907a2ed89f656431172f7f0219bb6ba18a8866fdfa5a3?s=96&d=mm&r=g\",\"caption\":\"GermiGarden\"},\"sameAs\":[\"https:\/\/blog.germigarden.com\/\"]}]}<\/script>\n<!-- \/ Yoast SEO plugin. -->","yoast_head_json":{"title":"6 maneiras naturais de prevenir e curar alergias - GermiGarden","description":"Em algumas pessoas, o p\u00f3len causa alergias que afetam o nariz, os olhos e a pele. Deixamos-lhe uma lista de dicas para curar alergias.","robots":{"index":"index","follow":"follow","max-snippet":"max-snippet:-1","max-image-preview":"max-image-preview:large","max-video-preview":"max-video-preview:-1"},"canonical":"https:\/\/blog.germigarden.com\/pt-pt\/consultorio-pt-pt\/6-maneiras-naturais-de-prevenir-e-curar-alergias\/","og_locale":"pt_PT","og_type":"article","og_title":"6 maneiras naturais de prevenir e curar alergias - GermiGarden","og_description":"Em algumas pessoas, o p\u00f3len causa alergias que afetam o nariz, os olhos e a pele. Deixamos-lhe uma lista de dicas para curar alergias.","og_url":"https:\/\/blog.germigarden.com\/pt-pt\/consultorio-pt-pt\/6-maneiras-naturais-de-prevenir-e-curar-alergias\/","og_site_name":"Germigarden | Blog","article_publisher":"https:\/\/www.instagram.com\/germigarden\/?hl=es","article_published_time":"2022-06-15T07:30:37+00:00","article_modified_time":"2022-06-16T08:10:33+00:00","og_image":[{"width":2400,"height":1600,"url":"https:\/\/blog.germigarden.com\/wp-content\/uploads\/2022\/05\/alex-jones-ZAoR6t7mvoM-unsplash.jpg","type":"image\/jpeg"}],"author":"GermiGarden","twitter_card":"summary_large_image","twitter_misc":{"Escrito por":"GermiGarden","Tempo estimado de leitura":"5 minutos"},"schema":{"@context":"https:\/\/schema.org","@graph":[{"@type":"Article","@id":"https:\/\/blog.germigarden.com\/pt-pt\/consultorio-pt-pt\/6-maneiras-naturais-de-prevenir-e-curar-alergias\/#article","isPartOf":{"@id":"https:\/\/blog.germigarden.com\/pt-pt\/consultorio-pt-pt\/6-maneiras-naturais-de-prevenir-e-curar-alergias\/"},"author":{"name":"GermiGarden","@id":"https:\/\/blog.germigarden.com\/pt-pt\/#\/schema\/person\/686f50a524e2347177e6b2cd3e7a827f"},"headline":"6 maneiras naturais de prevenir e curar alergias","datePublished":"2022-06-15T07:30:37+00:00","dateModified":"2022-06-16T08:10:33+00:00","mainEntityOfPage":{"@id":"https:\/\/blog.germigarden.com\/pt-pt\/consultorio-pt-pt\/6-maneiras-naturais-de-prevenir-e-curar-alergias\/"},"wordCount":925,"commentCount":0,"publisher":{"@id":"https:\/\/blog.germigarden.com\/pt-pt\/#organization"},"keywords":["Alergias","Primavera"],"articleSection":["Consult\u00f3rio"],"inLanguage":"pt-PT","potentialAction":[{"@type":"CommentAction","name":"Comment","target":["https:\/\/blog.germigarden.com\/pt-pt\/consultorio-pt-pt\/6-maneiras-naturais-de-prevenir-e-curar-alergias\/#respond"]}]},{"@type":"WebPage","@id":"https:\/\/blog.germigarden.com\/pt-pt\/consultorio-pt-pt\/6-maneiras-naturais-de-prevenir-e-curar-alergias\/","url":"https:\/\/blog.germigarden.com\/pt-pt\/consultorio-pt-pt\/6-maneiras-naturais-de-prevenir-e-curar-alergias\/","name":"6 maneiras naturais de prevenir e curar alergias - GermiGarden","isPartOf":{"@id":"https:\/\/blog.germigarden.com\/pt-pt\/#website"},"datePublished":"2022-06-15T07:30:37+00:00","dateModified":"2022-06-16T08:10:33+00:00","description":"Em algumas pessoas, o p\u00f3len causa alergias que afetam o nariz, os olhos e a pele. Deixamos-lhe uma lista de dicas para curar alergias.","breadcrumb":{"@id":"https:\/\/blog.germigarden.com\/pt-pt\/consultorio-pt-pt\/6-maneiras-naturais-de-prevenir-e-curar-alergias\/#breadcrumb"},"inLanguage":"pt-PT","potentialAction":[{"@type":"ReadAction","target":["https:\/\/blog.germigarden.com\/pt-pt\/consultorio-pt-pt\/6-maneiras-naturais-de-prevenir-e-curar-alergias\/"]}]},{"@type":"BreadcrumbList","@id":"https:\/\/blog.germigarden.com\/pt-pt\/consultorio-pt-pt\/6-maneiras-naturais-de-prevenir-e-curar-alergias\/#breadcrumb","itemListElement":[{"@type":"ListItem","position":1,"name":"Portada","item":"https:\/\/blog.germigarden.com\/pt-pt\/"},{"@type":"ListItem","position":2,"name":"6 maneiras naturais de prevenir e curar alergias"}]},{"@type":"WebSite","@id":"https:\/\/blog.germigarden.com\/pt-pt\/#website","url":"https:\/\/blog.germigarden.com\/pt-pt\/","name":"Blog de GermiGarden","description":"El blog de tu garden online","publisher":{"@id":"https:\/\/blog.germigarden.com\/pt-pt\/#organization"},"potentialAction":[{"@type":"SearchAction","target":{"@type":"EntryPoint","urlTemplate":"https:\/\/blog.germigarden.com\/pt-pt\/?s={search_term_string}"},"query-input":"required name=search_term_string"}],"inLanguage":"pt-PT"},{"@type":"Organization","@id":"https:\/\/blog.germigarden.com\/pt-pt\/#organization","name":"Blog de GermiGarden","url":"https:\/\/blog.germigarden.com\/pt-pt\/","logo":{"@type":"ImageObject","inLanguage":"pt-PT","@id":"https:\/\/blog.germigarden.com\/pt-pt\/#\/schema\/logo\/image\/","url":"https:\/\/blog.germigarden.com\/wp-content\/uploads\/2022\/04\/germigarden.png","contentUrl":"https:\/\/blog.germigarden.com\/wp-content\/uploads\/2022\/04\/germigarden.png","width":252,"height":116,"caption":"Blog de GermiGarden"},"image":{"@id":"https:\/\/blog.germigarden.com\/pt-pt\/#\/schema\/logo\/image\/"},"sameAs":["https:\/\/www.instagram.com\/germigarden\/?hl=es","https:\/\/www.youtube.com\/channel\/UCZNxfjmIpZZFt1XYLH7vEOQ"]},{"@type":"Person","@id":"https:\/\/blog.germigarden.com\/pt-pt\/#\/schema\/person\/686f50a524e2347177e6b2cd3e7a827f","name":"GermiGarden","image":{"@type":"ImageObject","inLanguage":"pt-PT","@id":"https:\/\/blog.germigarden.com\/pt-pt\/#\/schema\/person\/image\/","url":"https:\/\/secure.gravatar.com\/avatar\/a626aaa87d3e70ba460907a2ed89f656431172f7f0219bb6ba18a8866fdfa5a3?s=96&d=mm&r=g","contentUrl":"https:\/\/secure.gravatar.com\/avatar\/a626aaa87d3e70ba460907a2ed89f656431172f7f0219bb6ba18a8866fdfa5a3?s=96&d=mm&r=g","caption":"GermiGarden"},"sameAs":["https:\/\/blog.germigarden.com\/"]}]}},"_links":{"self":[{"href":"https:\/\/blog.germigarden.com\/pt-pt\/wp-json\/wp\/v2\/posts\/3674","targetHints":{"allow":["GET"]}}],"collection":[{"href":"https:\/\/blog.germigarden.com\/pt-pt\/wp-json\/wp\/v2\/posts"}],"about":[{"href":"https:\/\/blog.germigarden.com\/pt-pt\/wp-json\/wp\/v2\/types\/post"}],"author":[{"embeddable":true,"href":"https:\/\/blog.germigarden.com\/pt-pt\/wp-json\/wp\/v2\/users\/2"}],"replies":[{"embeddable":true,"href":"https:\/\/blog.germigarden.com\/pt-pt\/wp-json\/wp\/v2\/comments?post=3674"}],"version-history":[{"count":3,"href":"https:\/\/blog.germigarden.com\/pt-pt\/wp-json\/wp\/v2\/posts\/3674\/revisions"}],"predecessor-version":[{"id":3860,"href":"https:\/\/blog.germigarden.com\/pt-pt\/wp-json\/wp\/v2\/posts\/3674\/revisions\/3860"}],"wp:featuredmedia":[{"embeddable":true,"href":"https:\/\/blog.germigarden.com\/pt-pt\/wp-json\/wp\/v2\/media\/3311"}],"wp:attachment":[{"href":"https:\/\/blog.germigarden.com\/pt-pt\/wp-json\/wp\/v2\/media?parent=3674"}],"wp:term":[{"taxonomy":"category","embeddable":true,"href":"https:\/\/blog.germigarden.com\/pt-pt\/wp-json\/wp\/v2\/categories?post=3674"},{"taxonomy":"post_tag","embeddable":true,"href":"https:\/\/blog.germigarden.com\/pt-pt\/wp-json\/wp\/v2\/tags?post=3674"}],"curies":[{"name":"wp","href":"https:\/\/api.w.org\/{rel}","templated":true}]}}