{"id":4647,"date":"2022-08-05T12:00:25","date_gmt":"2022-08-05T10:00:25","guid":{"rendered":"https:\/\/blog.germigarden.com\/?p=4647"},"modified":"2022-08-05T12:12:12","modified_gmt":"2022-08-05T10:12:12","slug":"como-semear-o-relvado-corretamente","status":"publish","type":"post","link":"https:\/\/blog.germigarden.com\/pt-pt\/jardinagem-pt-pt\/como-semear-o-relvado-corretamente\/","title":{"rendered":"Como semear o relvado corretamente"},"content":{"rendered":"\n<p>Sembrar c\u00e9sped cuando eres un jardinero amateur puede parecer complicado, b\u00e1sicamente porque a veces nos falta informaci\u00f3n y herramientas. Pero, ya ver\u00e1s que es un proceso bastante sencillo y mucho m\u00e1s barato de lo que parece. En este art\u00edculo te vamos a dar una gu\u00eda para sembrar c\u00e9sped correctamente con instrucciones paso a paso de c\u00f3mo hacer la siembra de tu c\u00e9sped en tu jard\u00edn.<\/p>\n\n<div class=\"wp-block-group has-black-color has-text-color has-background\" style=\"background-color:#edf7e8\"><div class=\"wp-block-group__inner-container is-layout-flow wp-block-group-is-layout-flow\">\n<h4 class=\"wp-block-heading\"><strong><\/strong><\/h4><p class=\"indice\"><strong>\u00cdndice<\/strong><\/p>\n\n\n\n<ul class=\"wp-block-list\"><li><a href=\"#texto-ancla1\">\u00bfCu\u00e1ndo es la \u00e9poca ideal para sembrar c\u00e9sped?<\/a><\/li><li><a href=\"#texto-ancla2\">Instrucciones de como sembrar c\u00e9sped paso a paso<\/a><ul><li><a href=\"#texto-ancla3\">Procesos previos antes de sembrar el c\u00e9sped<\/a><\/li><li><a href=\"#texto-ancla4\">Preparaci\u00f3n del terreno<\/a><\/li><li><a href=\"#texto-ancla5\">Siembra<\/a><\/li><\/ul><\/li><li><a href=\"#texto-ancla6\">\u00bfC\u00f3mo resembrar con semillas el c\u00e9sped da\u00f1ado?<\/a><\/li><\/ul><\/div><\/div>\n\n<h2 class=\"wp-block-heading\" id=\"texto-ancla1\">\u00bfCu\u00e1ndo es la \u00e9poca ideal para sembrar c\u00e9sped?<\/h2>\n\n<p>Un aspecto muy importante es <strong>elegir el mejor momento para la plantaci\u00f3n<\/strong> de c\u00e9sped. Cada variedad necesita unas condiciones diferentes, y, por lo tanto, un momento de siembra diferente. El c\u00e9sped suele ser uno de los espacios importantes de nuestro jard\u00edn y como resultado queremos que est\u00e9 siempre en \u00f3ptimas condiciones. Por ese motivo, es clave elegir el momento adecuado para sembrar las semillas. Cada variedad necesita sus condiciones para una correcta germinaci\u00f3n, pero podemos establecer unas normas generales:<\/p>\n\n<p>La \u00e9poca ideal para plantar un c\u00e9sped es <strong>en primavera o en oto\u00f1o<\/strong>, cuando el fr\u00edo o el calor ya se retiran para dar paso a un<strong> intervalo de tiempo templado<\/strong>. Como excepci\u00f3n, tenemos alg\u00fan preparado de semillas o variedades de clima c\u00e1lido, que pueden necesitar temperaturas altas para germinar, y que, por tanto, hay sembrarles durante el final de la primavera y el verano. Un ejemplo son nuestras f\u00f3rmulas de semillas c\u00e9sped Fit\u00f3: Costa, Resistente, Dichondria, Gobi, Cynodon y Huia. Echa un vistazo a nuestro art\u00edculo para ver todas las variedades que hay en nuestra tienda.<\/p>\n\n<p>Respecto a hacer una <strong>resiembra <\/strong>de las zonas da\u00f1adas y de las zonas con poca densidad, esta tarea se puede hacer durante todo el a\u00f1o, ya que las f\u00f3rmulas de semillas est\u00e1n pensadas para poder germinar <strong>durante todo el a\u00f1o.<\/strong><\/p>\n\n<p>Lo m\u00e1s importante de un c\u00e9sped, es escoger la variedad o f\u00f3rmula adecuada, y adaptar la plantaci\u00f3n a sus necesidades.<\/p>\n\n<figure class=\"wp-block-image size-large is-style-default\"><img decoding=\"async\" width=\"1024\" height=\"684\" src=\"https:\/\/blog.germigarden.com\/wp-content\/uploads\/2022\/08\/chuttersnap-rFD16ws0MQY-unsplash-1024x684.jpg\" alt=\"\" class=\"wp-image-4621\" srcset=\"https:\/\/blog.germigarden.com\/wp-content\/uploads\/2022\/08\/chuttersnap-rFD16ws0MQY-unsplash-980x654.jpg 980w, https:\/\/blog.germigarden.com\/wp-content\/uploads\/2022\/08\/chuttersnap-rFD16ws0MQY-unsplash-480x320.jpg 480w\" sizes=\"(min-width: 0px) and (max-width: 480px) 480px, (min-width: 481px) and (max-width: 980px) 980px, (min-width: 981px) 1024px, 100vw\" \/><\/figure>\n<h2 class=\"wp-block-heading\" id=\"texto-ancla2\">Instrucciones de como sembrar c\u00e9sped paso a paso<\/h2>\n\n<p>Sembrar nuestro propio c\u00e9sped <strong>es un proceso sencillo, barato y nada dif\u00edcil de llevar a cabo<\/strong>, que nos permitir\u00e1 disfrutar de un espacio fresco y bonito en nuestro jard\u00edn. Sin embargo, para obtener un c\u00e9sped id\u00f3neo es vital que el proceso de plantaci\u00f3n sea cuidadoso y se realice correctamente. De este modo, <strong>evitaremos futuros problemas<\/strong> de hongos, manchas sin c\u00e9sped, riego deficiente o excesivo. \u00a1Sigue las instrucciones y ver\u00e1s qu\u00e9 sencillo!<\/p>\n\n<h3 class=\"wp-block-heading\" id=\"texto-ancla3\">Procesos previos antes de sembrar el c\u00e9sped<\/h3>\n\n<p>Antes de nada, tenemos que decidir si vamos a sembrar nuestro propio <strong>c\u00e9sped <\/strong>o vamos a instalar <strong>alfombras precultivadas<\/strong> o un <strong>c\u00e9sped artificial<\/strong>. Echa un vistazo a nuestro blog sobre diferencias entre sembrar semillas de c\u00e9sped e instalar alfombras precultivadas o c\u00e9sped artificial y saldr\u00e1s de dudas.<\/p>\n\n<p>Adem\u00e1s, tambi\u00e9n es importante <strong>elegir el tipo de c\u00e9sped<\/strong> que mejor se adapta a nuestro clima, a las necesidades de riego que le podremos ofrecer o la utilidad que le daremos. Te recomendamos leas nuestro art\u00edculo de <a href=\"https:\/\/blog.germigarden.com\/jardineria\/que-variedad-de-cesped-sembrar-en-mi-jardin-semillas-fito\/\">tipos de c\u00e9sped<\/a> que podemos sembrar, porque te ayudar\u00e1 a elegir la f\u00f3rmula adecuada.<\/p>\n\n<h3 class=\"wp-block-heading\" id=\"texto-ancla4\">Preparaci\u00f3n del terreno<\/h3>\n\n<p>Una vez hemos decidido que lo haremos con semillas y tenemos la variedad que m\u00e1s nos interesa, vamos a preparar el terreno. Este deber\u00e1 quedar totalmente <strong>plano<\/strong>, <strong>sin restos de hierbas ni ra\u00edces<\/strong> y con <strong>textura ligeramente arenosa<\/strong> en una profundidad de entre 10 y 20 cent\u00edmetros. Es muy importante este proceso, ya que una mala preparaci\u00f3n del terreno nos puede dificultar tanto la siembra como el futuro mantenimiento de nuestro c\u00e9sped.<\/p>\n\n<p>As\u00ed pues, los pasos que tendremos que seguir son:<\/p>\n\n<ol class=\"wp-block-list\"><li>Con la ayuda de una azada o motocultor, <strong>levantar la tierra para airearla<\/strong> y <strong>quitar <\/strong>todas las <strong>hierbas y ra\u00edces<\/strong> existentes, as\u00ed como todas las <strong>piedras <\/strong>que podamos. (nos podemos ayudar de una escoba de p\u00faas para c\u00e9sped o de un rastrillo). Es necesario sacar del terreno todos los restos de hierbas para evitar en un futuro que crezcan otra vez.<\/li><li>Daremos la textura adecuada al suelo, que deber\u00e1 ser ligeramente arenoso y sin terrones. A los suelos arcillosos deberemos <strong>a\u00f1adir <a href=\"https:\/\/www.germigarden.com\/es\/tierras-y-sustratos\/660010037-sustrato-recebo-para-cesped-germinova-50-litros.html\">recebo <\/a>especial para c\u00e9sped<\/strong> y los suelos demasiado arenosos, turba. La cantidad depender\u00e1 de las caracter\u00edsticas de este terreno.<\/li><li>Una vez el terreno est\u00e1 limpio, y con la textura adecuada, es el momento para <strong>enterrar el sistema de riego<\/strong>. Recomendamos instalar un sistema de riego enterrado, por est\u00e9tica, eficacia, eficiencia y porque la dificultad es m\u00ednima. Consulta nuestros <a href=\"https:\/\/www.germigarden.com\/es\/490-riego-cesped\">sistemas de riego aqu\u00ed<\/a>.<\/li><li>Posteriormente, deberemos <strong>nivelar el suelo <\/strong>para que el riego sea homog\u00e9neo. Para esta tarea nos ayudaremos de una escoba de p\u00faas para c\u00e9sped o con un rastrillo de nivelaci\u00f3n.<\/li><\/ol>\n<p>Si durante el proceso de preparaci\u00f3n del suelo encontramos nidos de hormigas, es importante que apliquemos productos antihormigas para evitar que se lleven las semillas que esparciremos.<\/p>\n\n<h3 class=\"wp-block-heading\" id=\"texto-ancla5\">Siembra<\/h3>\n\n<p>Una vez tengamos el terreno preparado, ya podemos proceder con la siembra.<\/p>\n\n<ol class=\"wp-block-list\"><li>Hay que esparcir las semillas de la variedad que hayamos escogido <strong>con la dosis que indica el envase<\/strong>. Es muy importante <strong>esparcirlas uniformemente<\/strong> para obtener un c\u00e9sped tupido y con la belleza \u00f3ptima. El envase de las semillas de c\u00e9sped Fit\u00f3 es una caja sembradora, que te ayudar\u00e1 a distribuir uniformemente las semillas.<\/li><li>Una vez esparcidas las semillas, esparciremos con las manos, por encima de estas semillas,<strong> una fina capa de recebo<\/strong> para evitar la depredaci\u00f3n de los p\u00e1jaros. Esta debe ser aproximadamente de un cent\u00edmetro y utilizaremos 10 litros de sustrato para cada metro cuadrado. <\/li><li>Tambi\u00e9n pasaremos por encima un rodillo (aplanadora manual para compactar ligeramente el terreno, puedes utilizar tambi\u00e9n un tabl\u00f3n largo de madera de 1&#215;1). En su falta, y de igual eficacia, se puede hacer dando golpecitos con la azada sobre el suelo.<\/li><li>Ya solo falta <strong>abonar el c\u00e9sped<\/strong> con un abono de liberaci\u00f3n lenta (granulado) si es oto\u00f1o o de liberaci\u00f3n r\u00e1pida (soluble) en la primavera.<\/li><li>Y finalmente procederemos a <strong>regar bien el terreno<\/strong>, proceso que durante las primeras semanas tendremos que hacer diariamente (incluso varias veces al d\u00eda si hace calor) para permitir el crecimiento de las plantas. Posteriormente, el riego lo debes de adaptar a las necesidades h\u00eddricas de cada variedad.<\/li><li>Recuerda que durante la germinaci\u00f3n y crecimiento del futuro c\u00e9sped <strong>es muy importante no pisarlo<\/strong>. Si es una zona de paso habitual pon una valla para evitar que ni miembros de tu familia ni invitados lo pisen. En pocas semanas podr\u00e1s disfrutar del espacio verde y fresco que deseas.<\/li><\/ol>\n<p>Finalmente, recordarte que si adquieres con nosotros el material que necesitas para sembrar un c\u00e9sped, te daremos el soporte t\u00e9cnico en todas aquellas dudas que te surjan, v\u00eda correo o telef\u00f3nicamente.<\/p>\n<div class=\"wp-block-image is-style-default\">\n<figure class=\"aligncenter size-large is-resized\"><img decoding=\"async\" src=\"https:\/\/blog.germigarden.com\/wp-content\/uploads\/2022\/08\/paolo-bendandi-5K-qudjQU2g-unsplash-1024x768.jpg\" alt=\"\" class=\"wp-image-4624\" width=\"512\" height=\"384\"\/><\/figure><\/div>\n<h2 class=\"wp-block-heading\" id=\"texto-ancla6\">\u00bfC\u00f3mo resembrar con semillas el c\u00e9sped da\u00f1ado?<\/h2>\n\n<p>Imagina que has hecho tu siembra, pero alguna zona no acaba de funcionar correctamente. Antes de volver a sembrar es importante que pienses porque esa zona est\u00e1 da\u00f1ada. Puede ser falta de riego, exceso de riego. Puede ser que esa zona est\u00e9 m\u00e1s expuesta al sol que el resto o tiene demasiada sombra. Tambien podria ser un hongo o alguna enfermedad. Si ves que no hay un motivo aparente o que ha sido porque se ha hecho mucho uso de esa zona con mesas y sillas te dejamos <strong>instrucciones para hacer una resiembra<\/strong>.<\/p>\n\n<p>Este proceso se puede hacer durante todo el a\u00f1o para corregir <strong>manchas vac\u00edas de c\u00e9sped o con baja densidad de plantas<\/strong>. As\u00ed, obtendremos de nuevo un c\u00e9sped en perfectas condiciones.<\/p>\n\n<p>Cuando nuestro c\u00e9sped tiene zonas da\u00f1adas, donde incluso este ha desaparecido totalmente, hasta a veces instal\u00e1ndose all\u00ed malas hierbas, deberemos proceder a replantar esa zona. Podemos hacer dos procesos distintos en funci\u00f3n de si la zona es peque\u00f1a y poco da\u00f1ada, o es un espacio m\u00e1s grande donde habr\u00e1 que hacer una resiembra m\u00e1s importante.<\/p>\n\n<div class=\"wp-block-group\"><div class=\"wp-block-group__inner-container is-layout-flow wp-block-group-is-layout-flow\">\n<p>En casos de <strong>manchas peque\u00f1as<\/strong> sin c\u00e9sped, pero sin malas hierbas, o en zonas donde el c\u00e9sped se ha aclarado y no es tan tupido, procederemos a esparcir semillas especiales de <strong>resiembra <\/strong>en las dosis que marca su envase directamente sobre el terreno, incorporando encima <strong>una fina capa de recebo<\/strong> de un cent\u00edmetro aproximadamente, un abono soluble y un riego abundante en la zona durante la germinaci\u00f3n. Obtendremos r\u00e1pidamente y f\u00e1cilmente un c\u00e9sped recuperado. Recomendamos semillas de c\u00e9sped <a href=\"https:\/\/www.germigarden.com\/es\/comprar-semilla-cesped\/551030065-semilla-cesped-resiembra-8410579006457.html\">Resiembra <\/a>de Fit\u00f3.<\/p>\n\n\n\n<p>En caso de que la zona afectada sea mayor, la <strong>desaparici\u00f3n del c\u00e9sped sea casi total con malezas<\/strong> y el terreno tenga muy poca porosidad (suelo duro y que ha perdido la textura ligeramente arenosa), es mejor que procedemos a <strong>preparar de nuevo el terreno<\/strong>, como si quisi\u00e9ramos plantar c\u00e9sped nuevo, obtendremos un mejor resultado. En ese caso trabajaremos el terreno igual que en una siembra inicial.<\/p>\n\n\n\n<div class=\"wp-block-group\"><div class=\"wp-block-group__inner-container is-layout-flow wp-block-group-is-layout-flow\">\n<ol class=\"wp-block-list\"><li>Con una azada, vamos a<strong> levantar la tierra para quitar todas las hierbas<\/strong> que hayan crecido.<\/li><li>Daremos de nuevo una textura adecuada <strong>a\u00f1adiendo recebo especial para c\u00e9sped o arena <\/strong>para ganar en porosidad.<\/li><li>Cuando nuestra clapa est\u00e9 limpia, plana y con la textura deseada, vamos a <strong>esparcir semillas de resiembra <\/strong>junto a <strong>recebo y abono de liberaci\u00f3n r\u00e1pida.<\/strong> El <strong>riego <\/strong>deber\u00e1 ser m\u00e1s intenso en la zona afectada que el resto del c\u00e9sped del jard\u00edn.<\/li><li>En unas semanas volver\u00e1s a ver tu c\u00e9sped igual que el primer d\u00eda.<\/li><\/ol><\/div><\/div>\n<\/div><\/div>\n\n<figure class=\"wp-block-gallery has-nested-images columns-default is-cropped is-style-default wp-block-gallery-1 is-layout-flex wp-block-gallery-is-layout-flex\">\n<figure class=\"wp-block-image size-medium is-style-default\"><img decoding=\"async\" data-id=\"4627\" src=\"https:\/\/blog.germigarden.com\/wp-content\/uploads\/2022\/08\/ronnie-george-9gGvNWBeOq4-unsplash-Edit-300x200.jpg\" alt=\"\" class=\"wp-image-4627\"\/><\/figure>\n\n\n<figure class=\"wp-block-image size-medium is-style-default\"><img decoding=\"async\" width=\"300\" height=\"200\" data-id=\"4640\" src=\"https:\/\/blog.germigarden.com\/wp-content\/uploads\/2022\/08\/ronnie-george-9gGvNWBeOq4-unsplash-Edit-Edit-300x200.jpg\" alt=\"mantenimiento c&#xE9;sped natural\" class=\"wp-image-4640\"\/><\/figure><\/figure>\n\n<p>Tener un c\u00e9sped en perfecto estado es el sue\u00f1o de muchos de los que nos le\u00e9is. Esperamos que gracias a este blog pod\u00e1is cumplir este peque\u00f1o sue\u00f1o y tener un jard\u00edn con un c\u00e9sped impecable. En caso de duda a la hora de escoger el <a href=\"https:\/\/blog.germigarden.com\/jardineria\/que-variedad-de-cesped-sembrar-en-mi-jardin-semillas-fito\/\">tipo de variedad de c\u00e9sped<\/a>, qu\u00e9 mantenimiento hacer o cualquier otra duda sobre el estado de tu c\u00e9sped contacta con nosotros.<\/p>\n","protected":false},"excerpt":{"rendered":"<p>Sembrar c\u00e9sped cuando eres un jardinero amateur puede parecer complicado, b\u00e1sicamente porque a veces nos falta informaci\u00f3n y herramientas. Pero, ya ver\u00e1s que es un proceso bastante sencillo y mucho m\u00e1s barato de lo que parece. En este art\u00edculo te vamos a dar una gu\u00eda para sembrar c\u00e9sped correctamente con instrucciones paso a paso de [&hellip;]<\/p>\n","protected":false},"author":2,"featured_media":4630,"comment_status":"open","ping_status":"open","sticky":false,"template":"","format":"standard","meta":{"_et_pb_use_builder":"","_et_pb_old_content":"","_et_gb_content_width":"","footnotes":""},"categories":[45,46],"tags":[393,392,109],"class_list":["post-4647","post","type-post","status-publish","format-standard","has-post-thumbnail","hentry","category-jardinagem-pt-pt","category-planta-ao-ar-livre-pt-pt","tag-jardim","tag-relva","tag-sementes"],"yoast_head":"<!-- This site is optimized with the Yoast SEO plugin v20.5 - https:\/\/yoast.com\/wordpress\/plugins\/seo\/ -->\n<title>Como semear o relvado corretamente - GermiGarden<\/title>\n<meta name=\"description\" content=\"Este artigo \u00e9 um guia para semear grama corretamente com instru\u00e7\u00f5es passo a passo sobre como plantar grama no seu jardim.\" \/>\n<meta name=\"robots\" content=\"index, follow, max-snippet:-1, max-image-preview:large, max-video-preview:-1\" \/>\n<link rel=\"canonical\" href=\"https:\/\/blog.germigarden.com\/pt-pt\/jardinagem-pt-pt\/como-semear-o-relvado-corretamente\/\" \/>\n<meta property=\"og:locale\" content=\"pt_PT\" \/>\n<meta property=\"og:type\" content=\"article\" \/>\n<meta property=\"og:title\" content=\"Como semear o relvado corretamente - GermiGarden\" \/>\n<meta property=\"og:description\" content=\"Este artigo \u00e9 um guia para semear grama corretamente com instru\u00e7\u00f5es passo a passo sobre como plantar grama no seu jardim.\" \/>\n<meta property=\"og:url\" content=\"https:\/\/blog.germigarden.com\/pt-pt\/jardinagem-pt-pt\/como-semear-o-relvado-corretamente\/\" \/>\n<meta property=\"og:site_name\" content=\"Germigarden | Blog\" \/>\n<meta property=\"article:publisher\" content=\"https:\/\/www.instagram.com\/germigarden\/?hl=es\" \/>\n<meta property=\"article:published_time\" content=\"2022-08-05T10:00:25+00:00\" \/>\n<meta property=\"article:modified_time\" content=\"2022-08-05T10:12:12+00:00\" \/>\n<meta property=\"og:image\" content=\"https:\/\/blog.germigarden.com\/wp-content\/uploads\/2022\/08\/ronnie-george-9gGvNWBeOq4-unsplash-Edit-2-scaled.jpg\" \/>\n\t<meta property=\"og:image:width\" content=\"2560\" \/>\n\t<meta property=\"og:image:height\" content=\"1706\" \/>\n\t<meta property=\"og:image:type\" content=\"image\/jpeg\" \/>\n<meta name=\"author\" content=\"GermiGarden\" \/>\n<meta name=\"twitter:card\" content=\"summary_large_image\" \/>\n<meta name=\"twitter:label1\" content=\"Escrito por\" \/>\n\t<meta name=\"twitter:data1\" content=\"GermiGarden\" \/>\n\t<meta name=\"twitter:label2\" content=\"Tempo estimado de leitura\" \/>\n\t<meta name=\"twitter:data2\" content=\"8 minutos\" \/>\n<script type=\"application\/ld+json\" class=\"yoast-schema-graph\">{\"@context\":\"https:\/\/schema.org\",\"@graph\":[{\"@type\":\"Article\",\"@id\":\"https:\/\/blog.germigarden.com\/pt-pt\/jardinagem-pt-pt\/como-semear-o-relvado-corretamente\/#article\",\"isPartOf\":{\"@id\":\"https:\/\/blog.germigarden.com\/pt-pt\/jardinagem-pt-pt\/como-semear-o-relvado-corretamente\/\"},\"author\":{\"name\":\"GermiGarden\",\"@id\":\"https:\/\/blog.germigarden.com\/pt-pt\/#\/schema\/person\/686f50a524e2347177e6b2cd3e7a827f\"},\"headline\":\"Como semear o relvado corretamente\",\"datePublished\":\"2022-08-05T10:00:25+00:00\",\"dateModified\":\"2022-08-05T10:12:12+00:00\",\"mainEntityOfPage\":{\"@id\":\"https:\/\/blog.germigarden.com\/pt-pt\/jardinagem-pt-pt\/como-semear-o-relvado-corretamente\/\"},\"wordCount\":1757,\"commentCount\":0,\"publisher\":{\"@id\":\"https:\/\/blog.germigarden.com\/pt-pt\/#organization\"},\"keywords\":[\"Jardim\",\"Relva\",\"Sementes\"],\"articleSection\":[\"Jardinagem\",\"Planta ao ar livre\"],\"inLanguage\":\"pt-PT\",\"potentialAction\":[{\"@type\":\"CommentAction\",\"name\":\"Comment\",\"target\":[\"https:\/\/blog.germigarden.com\/pt-pt\/jardinagem-pt-pt\/como-semear-o-relvado-corretamente\/#respond\"]}]},{\"@type\":\"WebPage\",\"@id\":\"https:\/\/blog.germigarden.com\/pt-pt\/jardinagem-pt-pt\/como-semear-o-relvado-corretamente\/\",\"url\":\"https:\/\/blog.germigarden.com\/pt-pt\/jardinagem-pt-pt\/como-semear-o-relvado-corretamente\/\",\"name\":\"Como semear o relvado corretamente - GermiGarden\",\"isPartOf\":{\"@id\":\"https:\/\/blog.germigarden.com\/pt-pt\/#website\"},\"datePublished\":\"2022-08-05T10:00:25+00:00\",\"dateModified\":\"2022-08-05T10:12:12+00:00\",\"description\":\"Este artigo \u00e9 um guia para semear grama corretamente com instru\u00e7\u00f5es passo a passo sobre como plantar grama no seu jardim.\",\"breadcrumb\":{\"@id\":\"https:\/\/blog.germigarden.com\/pt-pt\/jardinagem-pt-pt\/como-semear-o-relvado-corretamente\/#breadcrumb\"},\"inLanguage\":\"pt-PT\",\"potentialAction\":[{\"@type\":\"ReadAction\",\"target\":[\"https:\/\/blog.germigarden.com\/pt-pt\/jardinagem-pt-pt\/como-semear-o-relvado-corretamente\/\"]}]},{\"@type\":\"BreadcrumbList\",\"@id\":\"https:\/\/blog.germigarden.com\/pt-pt\/jardinagem-pt-pt\/como-semear-o-relvado-corretamente\/#breadcrumb\",\"itemListElement\":[{\"@type\":\"ListItem\",\"position\":1,\"name\":\"Portada\",\"item\":\"https:\/\/blog.germigarden.com\/pt-pt\/\"},{\"@type\":\"ListItem\",\"position\":2,\"name\":\"Como semear o relvado corretamente\"}]},{\"@type\":\"WebSite\",\"@id\":\"https:\/\/blog.germigarden.com\/pt-pt\/#website\",\"url\":\"https:\/\/blog.germigarden.com\/pt-pt\/\",\"name\":\"Blog de GermiGarden\",\"description\":\"El blog de tu garden online\",\"publisher\":{\"@id\":\"https:\/\/blog.germigarden.com\/pt-pt\/#organization\"},\"potentialAction\":[{\"@type\":\"SearchAction\",\"target\":{\"@type\":\"EntryPoint\",\"urlTemplate\":\"https:\/\/blog.germigarden.com\/pt-pt\/?s={search_term_string}\"},\"query-input\":\"required name=search_term_string\"}],\"inLanguage\":\"pt-PT\"},{\"@type\":\"Organization\",\"@id\":\"https:\/\/blog.germigarden.com\/pt-pt\/#organization\",\"name\":\"Blog de GermiGarden\",\"url\":\"https:\/\/blog.germigarden.com\/pt-pt\/\",\"logo\":{\"@type\":\"ImageObject\",\"inLanguage\":\"pt-PT\",\"@id\":\"https:\/\/blog.germigarden.com\/pt-pt\/#\/schema\/logo\/image\/\",\"url\":\"https:\/\/blog.germigarden.com\/wp-content\/uploads\/2022\/04\/germigarden.png\",\"contentUrl\":\"https:\/\/blog.germigarden.com\/wp-content\/uploads\/2022\/04\/germigarden.png\",\"width\":252,\"height\":116,\"caption\":\"Blog de GermiGarden\"},\"image\":{\"@id\":\"https:\/\/blog.germigarden.com\/pt-pt\/#\/schema\/logo\/image\/\"},\"sameAs\":[\"https:\/\/www.instagram.com\/germigarden\/?hl=es\",\"https:\/\/www.youtube.com\/channel\/UCZNxfjmIpZZFt1XYLH7vEOQ\"]},{\"@type\":\"Person\",\"@id\":\"https:\/\/blog.germigarden.com\/pt-pt\/#\/schema\/person\/686f50a524e2347177e6b2cd3e7a827f\",\"name\":\"GermiGarden\",\"image\":{\"@type\":\"ImageObject\",\"inLanguage\":\"pt-PT\",\"@id\":\"https:\/\/blog.germigarden.com\/pt-pt\/#\/schema\/person\/image\/\",\"url\":\"https:\/\/secure.gravatar.com\/avatar\/a626aaa87d3e70ba460907a2ed89f656431172f7f0219bb6ba18a8866fdfa5a3?s=96&d=mm&r=g\",\"contentUrl\":\"https:\/\/secure.gravatar.com\/avatar\/a626aaa87d3e70ba460907a2ed89f656431172f7f0219bb6ba18a8866fdfa5a3?s=96&d=mm&r=g\",\"caption\":\"GermiGarden\"},\"sameAs\":[\"https:\/\/blog.germigarden.com\/\"]}]}<\/script>\n<!-- \/ Yoast SEO plugin. -->","yoast_head_json":{"title":"Como semear o relvado corretamente - GermiGarden","description":"Este artigo \u00e9 um guia para semear grama corretamente com instru\u00e7\u00f5es passo a passo sobre como plantar grama no seu jardim.","robots":{"index":"index","follow":"follow","max-snippet":"max-snippet:-1","max-image-preview":"max-image-preview:large","max-video-preview":"max-video-preview:-1"},"canonical":"https:\/\/blog.germigarden.com\/pt-pt\/jardinagem-pt-pt\/como-semear-o-relvado-corretamente\/","og_locale":"pt_PT","og_type":"article","og_title":"Como semear o relvado corretamente - GermiGarden","og_description":"Este artigo \u00e9 um guia para semear grama corretamente com instru\u00e7\u00f5es passo a passo sobre como plantar grama no seu jardim.","og_url":"https:\/\/blog.germigarden.com\/pt-pt\/jardinagem-pt-pt\/como-semear-o-relvado-corretamente\/","og_site_name":"Germigarden | Blog","article_publisher":"https:\/\/www.instagram.com\/germigarden\/?hl=es","article_published_time":"2022-08-05T10:00:25+00:00","article_modified_time":"2022-08-05T10:12:12+00:00","og_image":[{"width":2560,"height":1706,"url":"https:\/\/blog.germigarden.com\/wp-content\/uploads\/2022\/08\/ronnie-george-9gGvNWBeOq4-unsplash-Edit-2-scaled.jpg","type":"image\/jpeg"}],"author":"GermiGarden","twitter_card":"summary_large_image","twitter_misc":{"Escrito por":"GermiGarden","Tempo estimado de leitura":"8 minutos"},"schema":{"@context":"https:\/\/schema.org","@graph":[{"@type":"Article","@id":"https:\/\/blog.germigarden.com\/pt-pt\/jardinagem-pt-pt\/como-semear-o-relvado-corretamente\/#article","isPartOf":{"@id":"https:\/\/blog.germigarden.com\/pt-pt\/jardinagem-pt-pt\/como-semear-o-relvado-corretamente\/"},"author":{"name":"GermiGarden","@id":"https:\/\/blog.germigarden.com\/pt-pt\/#\/schema\/person\/686f50a524e2347177e6b2cd3e7a827f"},"headline":"Como semear o relvado corretamente","datePublished":"2022-08-05T10:00:25+00:00","dateModified":"2022-08-05T10:12:12+00:00","mainEntityOfPage":{"@id":"https:\/\/blog.germigarden.com\/pt-pt\/jardinagem-pt-pt\/como-semear-o-relvado-corretamente\/"},"wordCount":1757,"commentCount":0,"publisher":{"@id":"https:\/\/blog.germigarden.com\/pt-pt\/#organization"},"keywords":["Jardim","Relva","Sementes"],"articleSection":["Jardinagem","Planta ao ar livre"],"inLanguage":"pt-PT","potentialAction":[{"@type":"CommentAction","name":"Comment","target":["https:\/\/blog.germigarden.com\/pt-pt\/jardinagem-pt-pt\/como-semear-o-relvado-corretamente\/#respond"]}]},{"@type":"WebPage","@id":"https:\/\/blog.germigarden.com\/pt-pt\/jardinagem-pt-pt\/como-semear-o-relvado-corretamente\/","url":"https:\/\/blog.germigarden.com\/pt-pt\/jardinagem-pt-pt\/como-semear-o-relvado-corretamente\/","name":"Como semear o relvado corretamente - GermiGarden","isPartOf":{"@id":"https:\/\/blog.germigarden.com\/pt-pt\/#website"},"datePublished":"2022-08-05T10:00:25+00:00","dateModified":"2022-08-05T10:12:12+00:00","description":"Este artigo \u00e9 um guia para semear grama corretamente com instru\u00e7\u00f5es passo a passo sobre como plantar grama no seu jardim.","breadcrumb":{"@id":"https:\/\/blog.germigarden.com\/pt-pt\/jardinagem-pt-pt\/como-semear-o-relvado-corretamente\/#breadcrumb"},"inLanguage":"pt-PT","potentialAction":[{"@type":"ReadAction","target":["https:\/\/blog.germigarden.com\/pt-pt\/jardinagem-pt-pt\/como-semear-o-relvado-corretamente\/"]}]},{"@type":"BreadcrumbList","@id":"https:\/\/blog.germigarden.com\/pt-pt\/jardinagem-pt-pt\/como-semear-o-relvado-corretamente\/#breadcrumb","itemListElement":[{"@type":"ListItem","position":1,"name":"Portada","item":"https:\/\/blog.germigarden.com\/pt-pt\/"},{"@type":"ListItem","position":2,"name":"Como semear o relvado corretamente"}]},{"@type":"WebSite","@id":"https:\/\/blog.germigarden.com\/pt-pt\/#website","url":"https:\/\/blog.germigarden.com\/pt-pt\/","name":"Blog de GermiGarden","description":"El blog de tu garden online","publisher":{"@id":"https:\/\/blog.germigarden.com\/pt-pt\/#organization"},"potentialAction":[{"@type":"SearchAction","target":{"@type":"EntryPoint","urlTemplate":"https:\/\/blog.germigarden.com\/pt-pt\/?s={search_term_string}"},"query-input":"required name=search_term_string"}],"inLanguage":"pt-PT"},{"@type":"Organization","@id":"https:\/\/blog.germigarden.com\/pt-pt\/#organization","name":"Blog de GermiGarden","url":"https:\/\/blog.germigarden.com\/pt-pt\/","logo":{"@type":"ImageObject","inLanguage":"pt-PT","@id":"https:\/\/blog.germigarden.com\/pt-pt\/#\/schema\/logo\/image\/","url":"https:\/\/blog.germigarden.com\/wp-content\/uploads\/2022\/04\/germigarden.png","contentUrl":"https:\/\/blog.germigarden.com\/wp-content\/uploads\/2022\/04\/germigarden.png","width":252,"height":116,"caption":"Blog de GermiGarden"},"image":{"@id":"https:\/\/blog.germigarden.com\/pt-pt\/#\/schema\/logo\/image\/"},"sameAs":["https:\/\/www.instagram.com\/germigarden\/?hl=es","https:\/\/www.youtube.com\/channel\/UCZNxfjmIpZZFt1XYLH7vEOQ"]},{"@type":"Person","@id":"https:\/\/blog.germigarden.com\/pt-pt\/#\/schema\/person\/686f50a524e2347177e6b2cd3e7a827f","name":"GermiGarden","image":{"@type":"ImageObject","inLanguage":"pt-PT","@id":"https:\/\/blog.germigarden.com\/pt-pt\/#\/schema\/person\/image\/","url":"https:\/\/secure.gravatar.com\/avatar\/a626aaa87d3e70ba460907a2ed89f656431172f7f0219bb6ba18a8866fdfa5a3?s=96&d=mm&r=g","contentUrl":"https:\/\/secure.gravatar.com\/avatar\/a626aaa87d3e70ba460907a2ed89f656431172f7f0219bb6ba18a8866fdfa5a3?s=96&d=mm&r=g","caption":"GermiGarden"},"sameAs":["https:\/\/blog.germigarden.com\/"]}]}},"_links":{"self":[{"href":"https:\/\/blog.germigarden.com\/pt-pt\/wp-json\/wp\/v2\/posts\/4647","targetHints":{"allow":["GET"]}}],"collection":[{"href":"https:\/\/blog.germigarden.com\/pt-pt\/wp-json\/wp\/v2\/posts"}],"about":[{"href":"https:\/\/blog.germigarden.com\/pt-pt\/wp-json\/wp\/v2\/types\/post"}],"author":[{"embeddable":true,"href":"https:\/\/blog.germigarden.com\/pt-pt\/wp-json\/wp\/v2\/users\/2"}],"replies":[{"embeddable":true,"href":"https:\/\/blog.germigarden.com\/pt-pt\/wp-json\/wp\/v2\/comments?post=4647"}],"version-history":[{"count":8,"href":"https:\/\/blog.germigarden.com\/pt-pt\/wp-json\/wp\/v2\/posts\/4647\/revisions"}],"predecessor-version":[{"id":4679,"href":"https:\/\/blog.germigarden.com\/pt-pt\/wp-json\/wp\/v2\/posts\/4647\/revisions\/4679"}],"wp:featuredmedia":[{"embeddable":true,"href":"https:\/\/blog.germigarden.com\/pt-pt\/wp-json\/wp\/v2\/media\/4630"}],"wp:attachment":[{"href":"https:\/\/blog.germigarden.com\/pt-pt\/wp-json\/wp\/v2\/media?parent=4647"}],"wp:term":[{"taxonomy":"category","embeddable":true,"href":"https:\/\/blog.germigarden.com\/pt-pt\/wp-json\/wp\/v2\/categories?post=4647"},{"taxonomy":"post_tag","embeddable":true,"href":"https:\/\/blog.germigarden.com\/pt-pt\/wp-json\/wp\/v2\/tags?post=4647"}],"curies":[{"name":"wp","href":"https:\/\/api.w.org\/{rel}","templated":true}]}}