{"id":5131,"date":"2022-09-27T10:55:39","date_gmt":"2022-09-27T08:55:39","guid":{"rendered":"https:\/\/blog.germigarden.com\/?p=5131"},"modified":"2022-09-27T10:55:42","modified_gmt":"2022-09-27T08:55:42","slug":"plantas-sazonais-para-plantar-no-inicio-do-outono","status":"publish","type":"post","link":"https:\/\/blog.germigarden.com\/pt-pt\/jardinagem-pt-pt\/plantas-sazonais-para-plantar-no-inicio-do-outono\/","title":{"rendered":"Plantas sazonais para plantar no in\u00edcio do outono"},"content":{"rendered":"\n<p>O outono come\u00e7a e com ele a esta\u00e7\u00e3o das <strong>plantas de outono e inverno<\/strong>. Esta \u00e9poca de cores laranja e castanho se destaca por suas chuvas e a sua queda nas temperaturas. No artigo de hoje, daremos uma lista das melhores plantas para <strong>plantar no in\u00edcio do outono<\/strong> que podem durar at\u00e9 o in\u00edcio da primavera.<\/p>\n\n\n\n<div class=\"wp-block-group has-black-color has-text-color has-background\" style=\"background-color:#edf7e8\"><div class=\"wp-block-group__inner-container is-layout-flow wp-block-group-is-layout-flow\">\n<h4 class=\"wp-block-heading\"><p class=\"indice\"><strong>A nossa proposta de plantas sazonais para plantar no in\u00edcio do outono<\/strong><\/p><\/h4>\n\n\n\n<ul class=\"wp-block-list\"><li><a href=\"#texto-ancla1\">Cicl\u00e2men<\/a><\/li><li><a href=\"#texto-ancla2\">Urze&nbsp;<\/a><\/li><li><a href=\"#texto-ancla3\">Cris\u00e2ntemo<\/a><\/li><li><a href=\"#texto-ancla4\"><\/a><a href=\"#texto-ancla4\">\u00c1ster<\/a><\/li><li><a href=\"#texto-ancla5\">Viola<\/a><\/li><li><a href=\"#texto-ancla6\">Amor-perfeito<\/a><\/li><li><a href=\"#texto-ancla7\">Cal\u00eandula<\/a><\/li><li><a href=\"#texto-ancla8\">Repolho de jardim<\/a><\/li><\/ul>\n<\/div><\/div>\n\n\n\n<h2 class=\"wp-block-heading\" id=\"texto-ancla1\">Cicl\u00e2men<\/h2>\n\n\n\n<p>Uma das plantas de inverno mais t\u00edpicas que podem ser plantadas durante todas as esta\u00e7\u00f5es frias. O <a href=\"https:\/\/www.germigarden.com\/pt\/ciclame\/550010122-ciclame.html\">cicl\u00e2men <\/a>ou cicl\u00e2men persica \u00e9 uma planta com ra\u00edzes tuberculosas, possuindo muitas reservas de energia e pode durar de um ano para o outro. A sua flor \u00e9 inconfund\u00edvel e as encontramos nas cores vermelho, rosa e branco. Se voc\u00ea tiver d\u00favidas sobre como cuidar do cicl\u00e2men, consulte o nosso blog.<\/p>\n\n\n<div class=\"wp-block-image is-style-default\">\n<figure class=\"aligncenter size-large is-resized\"><a href=\"https:\/\/www.germigarden.com\/pt\/ciclame\/550010122-ciclame.html\"><img decoding=\"async\" src=\"https:\/\/blog.germigarden.com\/wp-content\/uploads\/2022\/09\/rebecca-niver-9XuQ6oIfFus-unsplash-1024x683.jpg\" alt=\"plantas ciclamen temporada oto\u00f1o invierno\" class=\"wp-image-5067\" width=\"512\" height=\"342\" srcset=\"https:\/\/blog.germigarden.com\/wp-content\/uploads\/2022\/09\/rebecca-niver-9XuQ6oIfFus-unsplash-980x653.jpg 980w, https:\/\/blog.germigarden.com\/wp-content\/uploads\/2022\/09\/rebecca-niver-9XuQ6oIfFus-unsplash-480x320.jpg 480w\" sizes=\"(min-width: 0px) and (max-width: 480px) 480px, (min-width: 481px) and (max-width: 980px) 980px, 100vw\" \/><\/a><\/figure>\n<\/div>\n\n<div class=\"wp-block-image is-style-default\">\n<figure class=\"alignright size-large is-resized\"><a href=\"https:\/\/www.germigarden.com\/pt\/outras-plantas-da-estacao-de-floracao\/550010063-queiro-ou-urze-vaso-13-cm-o.html\"><img decoding=\"async\" src=\"https:\/\/blog.germigarden.com\/wp-content\/uploads\/2022\/09\/inga-shcheglova-rWghH4ZTd7Q-unsplash1-813x1024.jpg\" alt=\"plantas calluna planta de temporada \" class=\"wp-image-5093\" width=\"203\" height=\"256\"\/><\/a><\/figure>\n<\/div>\n\n\n<h2 class=\"wp-block-heading\" id=\"texto-ancla2\">Urze&nbsp;<\/h2>\n\n\n\n<p>A <a href=\"https:\/\/www.germigarden.com\/pt\/outras-plantas-da-estacao-de-floracao\/550010063-queiro-ou-urze-vaso-13-cm-o.html\">urze\u00a0<\/a>ou queir\u00f3\u00a0\u00e9 uma planta arbustiva muito resistente tanto a solos pobres como ao frio. \u00c9 uma planta que pode encontrar naturalmente nos prados alpinos. Portanto, \u00e9 muito adaptado ao frio. Podemos encontr\u00e1-los em v\u00e1rias cores, mas a cor mais comum \u00e9 o rosa. Voc\u00ea pode encontrar outras cores e <a href=\"https:\/\/www.germigarden.com\/pt\/outras-plantas-da-estacao-de-floracao\/1050500921-calluna-tingida-vaso-de-11-cm-o.html\">urzes tingidas<\/a> em GermiGarden<\/p>\n\n\n\n<h2 class=\"wp-block-heading\" id=\"texto-ancla3\">Cris\u00e2ntemo<\/h2>\n\n\n\n<p>O <a href=\"https:\/\/www.germigarden.com\/pt\/crisantemos\/1050500755-bola-de-chrysanthemum.html\">cris\u00e2ntemo <\/a>\u00e9 outra planta muito t\u00edpica destes tempos. Primeiramente, por causa da sua flor, que costuma ser muito usada em feriados como o Dia de Todos os Santos, para levar ao cemit\u00e9rio, tamb\u00e9m pode ser dada de presente, pois \u00e9 s\u00edmbolo de amor. Recomendamos plant\u00e1-las por sua flora\u00e7\u00e3o e por ser uma das mais belas flores de inverno.<\/p>\n\n\n<div class=\"wp-block-image is-style-default\">\n<figure class=\"aligncenter size-large is-resized\"><a href=\"https:\/\/www.germigarden.com\/pt\/crisantemos\/1050500755-bola-de-chrysanthemum.html\"><img decoding=\"async\" src=\"https:\/\/blog.germigarden.com\/wp-content\/uploads\/2022\/09\/chrysanthemums-3696577_1920-1024x683.jpg\" alt=\"flor crisantemo temporada de oto\u00f1o invierno\" class=\"wp-image-5123\" width=\"512\" height=\"342\"\/><\/a><\/figure>\n<\/div>\n\n\n<h2 class=\"wp-block-heading\" id=\"texto-ancla4\">\u00c1ster<\/h2>\n\n\n\n<p>O <a href=\"https:\/\/www.germigarden.com\/pt\/margaridas\/1050501230-aster-alpina-vaso-de-13-cm-o.html\">\u00e1ster <\/a>\u00e9 outra planta de inverno bem conhecida. Caracteriza-se por suas flores semelhantes \u00e0 fam\u00edlia das margaridas e dimorfotecas. Geralmente s\u00e3o roxos, embora voc\u00ea tamb\u00e9m possa encontr\u00e1-los em branco no nosso s\u00edtio web. Existe uma variante, o aster alpino, ainda mais resistente ao frio, que segurar\u00e1 a flor um pouco mais em condi\u00e7\u00f5es mais frias.<\/p>\n\n\n<div class=\"wp-block-image is-style-default\">\n<figure class=\"aligncenter size-large is-resized\"><a href=\"https:\/\/www.germigarden.com\/pt\/margaridas\/1050501230-aster-alpina-vaso-de-13-cm-o.html\"><img decoding=\"async\" src=\"https:\/\/blog.germigarden.com\/wp-content\/uploads\/2022\/09\/markus-spiske-n5pvljyOwko-unsplash-1024x683.jpg\" alt=\"plantas aster alpino temporada oto\u00f1o invierno\" class=\"wp-image-5096\" width=\"512\" height=\"342\"\/><\/a><\/figure>\n<\/div>\n\n\n<h2 class=\"wp-block-heading\" id=\"texto-ancla5\">Viola<\/h2>\n\n\n\n<p>As <a href=\"https:\/\/www.germigarden.com\/pt\/outras-plantas-da-estacao-de-floracao\/550010284-violeta-ou-viola-vaso-105-cm-o.html\">violas <\/a>s\u00e3o outra das flores mais bonitas. Gra\u00e7as ao seu n\u00famero de cores diferentes, d\u00e1 muito jogo tanto em plantadores como em jardins. A sua flor \u00e9 pequena, mas abundante, assim como as suas folhas.<\/p>\n\n\n<div class=\"wp-block-image is-style-default\">\n<figure class=\"aligncenter size-large is-resized\"><a href=\"https:\/\/www.germigarden.com\/pt\/outras-plantas-da-estacao-de-floracao\/550010284-violeta-ou-viola-vaso-105-cm-o.html\"><img decoding=\"async\" src=\"https:\/\/blog.germigarden.com\/wp-content\/uploads\/2022\/09\/pansy-2096071_1920-1024x576.jpg\" alt=\"flores violas o violetas\" class=\"wp-image-5105\" width=\"512\" height=\"288\"\/><\/a><\/figure>\n<\/div>\n\n\n<h2 class=\"wp-block-heading\" id=\"texto-ancla6\">Amor-perfeito<\/h2>\n\n\n\n<p>Tamb\u00e9m da fam\u00edlia da viola, encontramos o <a href=\"https:\/\/www.germigarden.com\/pt\/outras-plantas-da-estacao-de-floracao\/1050500759-amor-perfeito-vaso-de-105-cm-o.html\">amor-perfeito<\/a>. Este tamb\u00e9m \u00e9 encontrado num vaso pequeno, mas sua flor \u00e9 muito maior. O amor-perfeito tamb\u00e9m pode ser encontrado em v\u00e1rias cores: vermelho, lil\u00e1s, azulado, branco e, o mais t\u00edpico, amarelo.<\/p>\n\n\n<div class=\"wp-block-image is-style-default\">\n<figure class=\"aligncenter size-large is-resized\"><a href=\"https:\/\/www.germigarden.com\/pt\/outras-plantas-da-estacao-de-floracao\/1050500759-amor-perfeito-vaso-de-105-cm-o.html\"><img decoding=\"async\" src=\"https:\/\/blog.germigarden.com\/wp-content\/uploads\/2022\/09\/micheile-dot-com-28tiNLAg_gY-unsplash-2-1024x1024.jpg\" alt=\"flores pensamiento flor de temporada de oto\u00f1o invienro\" class=\"wp-image-5102\" width=\"512\" height=\"512\"\/><\/a><\/figure>\n<\/div>\n\n\n<h2 class=\"wp-block-heading\" id=\"texto-ancla7\">Cal\u00eandula<\/h2>\n\n\n\n<p>A <a href=\"https:\/\/www.germigarden.com\/pt\/outras-plantas-da-estacao-de-floracao\/550010061-compre-calendula.html\">cal\u00eandula <\/a>\u00e9 uma flor de outono muito utilizada, n\u00e3o s\u00f3 pelas cores alaranjadas ou amarelas das suas flores, mas tamb\u00e9m por ser uma planta resistente com algumas propriedades medicinais. Al\u00e9m do seu alto teor de carotenoides e flavonoides, tem muitas propriedades antiss\u00e9pticas, antibacterianas e antif\u00fangicas, tamb\u00e9m \u00e9 anti-inflamat\u00f3rio e \u00f3timo para problemas digestivos e menstruais leves.<\/p>\n\n\n<div class=\"wp-block-image is-style-default\">\n<figure class=\"aligncenter size-large is-resized\"><a href=\"https:\/\/www.germigarden.com\/pt\/outras-plantas-da-estacao-de-floracao\/550010061-compre-calendula.html\"><img decoding=\"async\" src=\"https:\/\/blog.germigarden.com\/wp-content\/uploads\/2022\/09\/dean-lewis-bsr_29_sMug-unsplash1-1024x652.jpg\" alt=\"calendulas plantas de temporada\" class=\"wp-image-5117\" width=\"768\" height=\"489\"\/><\/a><\/figure>\n<\/div>\n\n\n<h2 class=\"wp-block-heading\" id=\"texto-ancla8\">Repolho de jardim<\/h2>\n\n\n\n<p>Por fim, falaremos sobre <a href=\"https:\/\/www.germigarden.com\/pt\/planta-pequena-verde\/550010095-couve-verde-vaso-13-cm-o.html\">repolho de jardim<\/a> ou repolho ornamental. N\u00e3o costumamos encontrar esta planta em floreiras, mas sim em jardins. \u00c9 por a planta ser apreciada mais de cima, portanto, \u00e9 geralmente colocada diretamente no ch\u00e3o, canteiros de flores&#8230;<\/p>\n\n\n<div class=\"wp-block-image is-style-default\">\n<figure class=\"aligncenter size-large is-resized\"><a href=\"https:\/\/www.germigarden.com\/pt\/planta-pequena-verde\/550010095-couve-verde-vaso-13-cm-o.html\"><img decoding=\"async\" src=\"https:\/\/blog.germigarden.com\/wp-content\/uploads\/2022\/09\/yoksel-zok-KWzyILm24Lw-unsplash-1024x681.jpg\" alt=\"col de jard\u00edn ornamental\" class=\"wp-image-5111\" width=\"512\" height=\"341\"\/><\/a><\/figure>\n<\/div>\n\n\n<p>Como voc\u00ea pode ver, voc\u00ea tem muitas alternativas para colocar no seu jardim neste outono. Esperamos que esta lista de <a href=\"https:\/\/www.germigarden.com\/pt\/pesquisa?tag=Planta+temporada\">plantas sazonais para o outono e inverno<\/a> tenha corrido bem para voc\u00ea. Voc\u00ea pode encontrar todas essas plantas na nossa loja. Se voc\u00ea tiver alguma d\u00favida, entre em contacto connosco e n\u00f3s lhe daremos conselhos.<\/p>\n","protected":false},"excerpt":{"rendered":"<p>O outono come\u00e7a e com ele a esta\u00e7\u00e3o das plantas de outono e inverno. Esta \u00e9poca de cores laranja e castanho se destaca por suas chuvas e a sua queda nas temperaturas. No artigo de hoje, daremos uma lista das melhores plantas para plantar no in\u00edcio do outono que podem durar at\u00e9 o in\u00edcio da [&hellip;]<\/p>\n","protected":false},"author":2,"featured_media":5096,"comment_status":"open","ping_status":"open","sticky":false,"template":"","format":"standard","meta":{"_et_pb_use_builder":"","_et_pb_old_content":"","_et_gb_content_width":"","footnotes":""},"categories":[45,46],"tags":[431,432,430],"class_list":["post-5131","post","type-post","status-publish","format-standard","has-post-thumbnail","hentry","category-jardinagem-pt-pt","category-planta-ao-ar-livre-pt-pt","tag-inverno","tag-outono","tag-planta-sazonais-inverno"],"yoast_head":"<!-- This site is optimized with the Yoast SEO plugin v20.5 - https:\/\/yoast.com\/wordpress\/plugins\/seo\/ -->\n<title>Plantas sazonais para plantar no in\u00edcio do outono - GermiGarden<\/title>\n<meta name=\"description\" content=\"No artigo, daremos uma lista de plantas sazonais para plantar no in\u00edcio do outono: violas, amores-perfeitos, cicl\u00e2men, \u00e1steres, cal\u00eandula...\" \/>\n<meta name=\"robots\" content=\"index, follow, max-snippet:-1, max-image-preview:large, max-video-preview:-1\" \/>\n<link rel=\"canonical\" href=\"https:\/\/blog.germigarden.com\/pt-pt\/jardinagem-pt-pt\/plantas-sazonais-para-plantar-no-inicio-do-outono\/\" \/>\n<meta property=\"og:locale\" content=\"pt_PT\" \/>\n<meta property=\"og:type\" content=\"article\" \/>\n<meta property=\"og:title\" content=\"Plantas sazonais para plantar no in\u00edcio do outono - GermiGarden\" \/>\n<meta property=\"og:description\" content=\"No artigo, daremos uma lista de plantas sazonais para plantar no in\u00edcio do outono: violas, amores-perfeitos, cicl\u00e2men, \u00e1steres, cal\u00eandula...\" \/>\n<meta property=\"og:url\" content=\"https:\/\/blog.germigarden.com\/pt-pt\/jardinagem-pt-pt\/plantas-sazonais-para-plantar-no-inicio-do-outono\/\" \/>\n<meta property=\"og:site_name\" content=\"Germigarden | Blog\" \/>\n<meta property=\"article:publisher\" content=\"https:\/\/www.instagram.com\/germigarden\/?hl=es\" \/>\n<meta property=\"article:published_time\" content=\"2022-09-27T08:55:39+00:00\" \/>\n<meta property=\"article:modified_time\" content=\"2022-09-27T08:55:42+00:00\" \/>\n<meta property=\"og:image\" content=\"https:\/\/blog.germigarden.com\/wp-content\/uploads\/2022\/09\/markus-spiske-n5pvljyOwko-unsplash-scaled.jpg\" \/>\n\t<meta property=\"og:image:width\" content=\"2560\" \/>\n\t<meta property=\"og:image:height\" content=\"1706\" \/>\n\t<meta property=\"og:image:type\" content=\"image\/jpeg\" \/>\n<meta name=\"author\" content=\"GermiGarden\" \/>\n<meta name=\"twitter:card\" content=\"summary_large_image\" \/>\n<meta name=\"twitter:label1\" content=\"Escrito por\" \/>\n\t<meta name=\"twitter:data1\" content=\"GermiGarden\" \/>\n\t<meta name=\"twitter:label2\" content=\"Tempo estimado de leitura\" \/>\n\t<meta name=\"twitter:data2\" content=\"5 minutos\" \/>\n<script type=\"application\/ld+json\" class=\"yoast-schema-graph\">{\"@context\":\"https:\/\/schema.org\",\"@graph\":[{\"@type\":\"Article\",\"@id\":\"https:\/\/blog.germigarden.com\/pt-pt\/jardinagem-pt-pt\/plantas-sazonais-para-plantar-no-inicio-do-outono\/#article\",\"isPartOf\":{\"@id\":\"https:\/\/blog.germigarden.com\/pt-pt\/jardinagem-pt-pt\/plantas-sazonais-para-plantar-no-inicio-do-outono\/\"},\"author\":{\"name\":\"GermiGarden\",\"@id\":\"https:\/\/blog.germigarden.com\/pt-pt\/#\/schema\/person\/686f50a524e2347177e6b2cd3e7a827f\"},\"headline\":\"Plantas sazonais para plantar no in\u00edcio do outono\",\"datePublished\":\"2022-09-27T08:55:39+00:00\",\"dateModified\":\"2022-09-27T08:55:42+00:00\",\"mainEntityOfPage\":{\"@id\":\"https:\/\/blog.germigarden.com\/pt-pt\/jardinagem-pt-pt\/plantas-sazonais-para-plantar-no-inicio-do-outono\/\"},\"wordCount\":604,\"commentCount\":0,\"publisher\":{\"@id\":\"https:\/\/blog.germigarden.com\/pt-pt\/#organization\"},\"keywords\":[\"Inverno\",\"Outono\",\"Planta sazonais inverno\"],\"articleSection\":[\"Jardinagem\",\"Planta ao ar livre\"],\"inLanguage\":\"pt-PT\",\"potentialAction\":[{\"@type\":\"CommentAction\",\"name\":\"Comment\",\"target\":[\"https:\/\/blog.germigarden.com\/pt-pt\/jardinagem-pt-pt\/plantas-sazonais-para-plantar-no-inicio-do-outono\/#respond\"]}]},{\"@type\":\"WebPage\",\"@id\":\"https:\/\/blog.germigarden.com\/pt-pt\/jardinagem-pt-pt\/plantas-sazonais-para-plantar-no-inicio-do-outono\/\",\"url\":\"https:\/\/blog.germigarden.com\/pt-pt\/jardinagem-pt-pt\/plantas-sazonais-para-plantar-no-inicio-do-outono\/\",\"name\":\"Plantas sazonais para plantar no in\u00edcio do outono - GermiGarden\",\"isPartOf\":{\"@id\":\"https:\/\/blog.germigarden.com\/pt-pt\/#website\"},\"datePublished\":\"2022-09-27T08:55:39+00:00\",\"dateModified\":\"2022-09-27T08:55:42+00:00\",\"description\":\"No artigo, daremos uma lista de plantas sazonais para plantar no in\u00edcio do outono: violas, amores-perfeitos, cicl\u00e2men, \u00e1steres, cal\u00eandula...\",\"breadcrumb\":{\"@id\":\"https:\/\/blog.germigarden.com\/pt-pt\/jardinagem-pt-pt\/plantas-sazonais-para-plantar-no-inicio-do-outono\/#breadcrumb\"},\"inLanguage\":\"pt-PT\",\"potentialAction\":[{\"@type\":\"ReadAction\",\"target\":[\"https:\/\/blog.germigarden.com\/pt-pt\/jardinagem-pt-pt\/plantas-sazonais-para-plantar-no-inicio-do-outono\/\"]}]},{\"@type\":\"BreadcrumbList\",\"@id\":\"https:\/\/blog.germigarden.com\/pt-pt\/jardinagem-pt-pt\/plantas-sazonais-para-plantar-no-inicio-do-outono\/#breadcrumb\",\"itemListElement\":[{\"@type\":\"ListItem\",\"position\":1,\"name\":\"Portada\",\"item\":\"https:\/\/blog.germigarden.com\/pt-pt\/\"},{\"@type\":\"ListItem\",\"position\":2,\"name\":\"Plantas sazonais para plantar no in\u00edcio do outono\"}]},{\"@type\":\"WebSite\",\"@id\":\"https:\/\/blog.germigarden.com\/pt-pt\/#website\",\"url\":\"https:\/\/blog.germigarden.com\/pt-pt\/\",\"name\":\"Blog de GermiGarden\",\"description\":\"El blog de tu garden online\",\"publisher\":{\"@id\":\"https:\/\/blog.germigarden.com\/pt-pt\/#organization\"},\"potentialAction\":[{\"@type\":\"SearchAction\",\"target\":{\"@type\":\"EntryPoint\",\"urlTemplate\":\"https:\/\/blog.germigarden.com\/pt-pt\/?s={search_term_string}\"},\"query-input\":\"required name=search_term_string\"}],\"inLanguage\":\"pt-PT\"},{\"@type\":\"Organization\",\"@id\":\"https:\/\/blog.germigarden.com\/pt-pt\/#organization\",\"name\":\"Blog de GermiGarden\",\"url\":\"https:\/\/blog.germigarden.com\/pt-pt\/\",\"logo\":{\"@type\":\"ImageObject\",\"inLanguage\":\"pt-PT\",\"@id\":\"https:\/\/blog.germigarden.com\/pt-pt\/#\/schema\/logo\/image\/\",\"url\":\"https:\/\/blog.germigarden.com\/wp-content\/uploads\/2022\/04\/germigarden.png\",\"contentUrl\":\"https:\/\/blog.germigarden.com\/wp-content\/uploads\/2022\/04\/germigarden.png\",\"width\":252,\"height\":116,\"caption\":\"Blog de GermiGarden\"},\"image\":{\"@id\":\"https:\/\/blog.germigarden.com\/pt-pt\/#\/schema\/logo\/image\/\"},\"sameAs\":[\"https:\/\/www.instagram.com\/germigarden\/?hl=es\",\"https:\/\/www.youtube.com\/channel\/UCZNxfjmIpZZFt1XYLH7vEOQ\"]},{\"@type\":\"Person\",\"@id\":\"https:\/\/blog.germigarden.com\/pt-pt\/#\/schema\/person\/686f50a524e2347177e6b2cd3e7a827f\",\"name\":\"GermiGarden\",\"image\":{\"@type\":\"ImageObject\",\"inLanguage\":\"pt-PT\",\"@id\":\"https:\/\/blog.germigarden.com\/pt-pt\/#\/schema\/person\/image\/\",\"url\":\"https:\/\/secure.gravatar.com\/avatar\/a626aaa87d3e70ba460907a2ed89f656431172f7f0219bb6ba18a8866fdfa5a3?s=96&d=mm&r=g\",\"contentUrl\":\"https:\/\/secure.gravatar.com\/avatar\/a626aaa87d3e70ba460907a2ed89f656431172f7f0219bb6ba18a8866fdfa5a3?s=96&d=mm&r=g\",\"caption\":\"GermiGarden\"},\"sameAs\":[\"https:\/\/blog.germigarden.com\/\"]}]}<\/script>\n<!-- \/ Yoast SEO plugin. -->","yoast_head_json":{"title":"Plantas sazonais para plantar no in\u00edcio do outono - GermiGarden","description":"No artigo, daremos uma lista de plantas sazonais para plantar no in\u00edcio do outono: violas, amores-perfeitos, cicl\u00e2men, \u00e1steres, cal\u00eandula...","robots":{"index":"index","follow":"follow","max-snippet":"max-snippet:-1","max-image-preview":"max-image-preview:large","max-video-preview":"max-video-preview:-1"},"canonical":"https:\/\/blog.germigarden.com\/pt-pt\/jardinagem-pt-pt\/plantas-sazonais-para-plantar-no-inicio-do-outono\/","og_locale":"pt_PT","og_type":"article","og_title":"Plantas sazonais para plantar no in\u00edcio do outono - GermiGarden","og_description":"No artigo, daremos uma lista de plantas sazonais para plantar no in\u00edcio do outono: violas, amores-perfeitos, cicl\u00e2men, \u00e1steres, cal\u00eandula...","og_url":"https:\/\/blog.germigarden.com\/pt-pt\/jardinagem-pt-pt\/plantas-sazonais-para-plantar-no-inicio-do-outono\/","og_site_name":"Germigarden | Blog","article_publisher":"https:\/\/www.instagram.com\/germigarden\/?hl=es","article_published_time":"2022-09-27T08:55:39+00:00","article_modified_time":"2022-09-27T08:55:42+00:00","og_image":[{"width":2560,"height":1706,"url":"https:\/\/blog.germigarden.com\/wp-content\/uploads\/2022\/09\/markus-spiske-n5pvljyOwko-unsplash-scaled.jpg","type":"image\/jpeg"}],"author":"GermiGarden","twitter_card":"summary_large_image","twitter_misc":{"Escrito por":"GermiGarden","Tempo estimado de leitura":"5 minutos"},"schema":{"@context":"https:\/\/schema.org","@graph":[{"@type":"Article","@id":"https:\/\/blog.germigarden.com\/pt-pt\/jardinagem-pt-pt\/plantas-sazonais-para-plantar-no-inicio-do-outono\/#article","isPartOf":{"@id":"https:\/\/blog.germigarden.com\/pt-pt\/jardinagem-pt-pt\/plantas-sazonais-para-plantar-no-inicio-do-outono\/"},"author":{"name":"GermiGarden","@id":"https:\/\/blog.germigarden.com\/pt-pt\/#\/schema\/person\/686f50a524e2347177e6b2cd3e7a827f"},"headline":"Plantas sazonais para plantar no in\u00edcio do outono","datePublished":"2022-09-27T08:55:39+00:00","dateModified":"2022-09-27T08:55:42+00:00","mainEntityOfPage":{"@id":"https:\/\/blog.germigarden.com\/pt-pt\/jardinagem-pt-pt\/plantas-sazonais-para-plantar-no-inicio-do-outono\/"},"wordCount":604,"commentCount":0,"publisher":{"@id":"https:\/\/blog.germigarden.com\/pt-pt\/#organization"},"keywords":["Inverno","Outono","Planta sazonais inverno"],"articleSection":["Jardinagem","Planta ao ar livre"],"inLanguage":"pt-PT","potentialAction":[{"@type":"CommentAction","name":"Comment","target":["https:\/\/blog.germigarden.com\/pt-pt\/jardinagem-pt-pt\/plantas-sazonais-para-plantar-no-inicio-do-outono\/#respond"]}]},{"@type":"WebPage","@id":"https:\/\/blog.germigarden.com\/pt-pt\/jardinagem-pt-pt\/plantas-sazonais-para-plantar-no-inicio-do-outono\/","url":"https:\/\/blog.germigarden.com\/pt-pt\/jardinagem-pt-pt\/plantas-sazonais-para-plantar-no-inicio-do-outono\/","name":"Plantas sazonais para plantar no in\u00edcio do outono - GermiGarden","isPartOf":{"@id":"https:\/\/blog.germigarden.com\/pt-pt\/#website"},"datePublished":"2022-09-27T08:55:39+00:00","dateModified":"2022-09-27T08:55:42+00:00","description":"No artigo, daremos uma lista de plantas sazonais para plantar no in\u00edcio do outono: violas, amores-perfeitos, cicl\u00e2men, \u00e1steres, cal\u00eandula...","breadcrumb":{"@id":"https:\/\/blog.germigarden.com\/pt-pt\/jardinagem-pt-pt\/plantas-sazonais-para-plantar-no-inicio-do-outono\/#breadcrumb"},"inLanguage":"pt-PT","potentialAction":[{"@type":"ReadAction","target":["https:\/\/blog.germigarden.com\/pt-pt\/jardinagem-pt-pt\/plantas-sazonais-para-plantar-no-inicio-do-outono\/"]}]},{"@type":"BreadcrumbList","@id":"https:\/\/blog.germigarden.com\/pt-pt\/jardinagem-pt-pt\/plantas-sazonais-para-plantar-no-inicio-do-outono\/#breadcrumb","itemListElement":[{"@type":"ListItem","position":1,"name":"Portada","item":"https:\/\/blog.germigarden.com\/pt-pt\/"},{"@type":"ListItem","position":2,"name":"Plantas sazonais para plantar no in\u00edcio do outono"}]},{"@type":"WebSite","@id":"https:\/\/blog.germigarden.com\/pt-pt\/#website","url":"https:\/\/blog.germigarden.com\/pt-pt\/","name":"Blog de GermiGarden","description":"El blog de tu garden online","publisher":{"@id":"https:\/\/blog.germigarden.com\/pt-pt\/#organization"},"potentialAction":[{"@type":"SearchAction","target":{"@type":"EntryPoint","urlTemplate":"https:\/\/blog.germigarden.com\/pt-pt\/?s={search_term_string}"},"query-input":"required name=search_term_string"}],"inLanguage":"pt-PT"},{"@type":"Organization","@id":"https:\/\/blog.germigarden.com\/pt-pt\/#organization","name":"Blog de GermiGarden","url":"https:\/\/blog.germigarden.com\/pt-pt\/","logo":{"@type":"ImageObject","inLanguage":"pt-PT","@id":"https:\/\/blog.germigarden.com\/pt-pt\/#\/schema\/logo\/image\/","url":"https:\/\/blog.germigarden.com\/wp-content\/uploads\/2022\/04\/germigarden.png","contentUrl":"https:\/\/blog.germigarden.com\/wp-content\/uploads\/2022\/04\/germigarden.png","width":252,"height":116,"caption":"Blog de GermiGarden"},"image":{"@id":"https:\/\/blog.germigarden.com\/pt-pt\/#\/schema\/logo\/image\/"},"sameAs":["https:\/\/www.instagram.com\/germigarden\/?hl=es","https:\/\/www.youtube.com\/channel\/UCZNxfjmIpZZFt1XYLH7vEOQ"]},{"@type":"Person","@id":"https:\/\/blog.germigarden.com\/pt-pt\/#\/schema\/person\/686f50a524e2347177e6b2cd3e7a827f","name":"GermiGarden","image":{"@type":"ImageObject","inLanguage":"pt-PT","@id":"https:\/\/blog.germigarden.com\/pt-pt\/#\/schema\/person\/image\/","url":"https:\/\/secure.gravatar.com\/avatar\/a626aaa87d3e70ba460907a2ed89f656431172f7f0219bb6ba18a8866fdfa5a3?s=96&d=mm&r=g","contentUrl":"https:\/\/secure.gravatar.com\/avatar\/a626aaa87d3e70ba460907a2ed89f656431172f7f0219bb6ba18a8866fdfa5a3?s=96&d=mm&r=g","caption":"GermiGarden"},"sameAs":["https:\/\/blog.germigarden.com\/"]}]}},"_links":{"self":[{"href":"https:\/\/blog.germigarden.com\/pt-pt\/wp-json\/wp\/v2\/posts\/5131","targetHints":{"allow":["GET"]}}],"collection":[{"href":"https:\/\/blog.germigarden.com\/pt-pt\/wp-json\/wp\/v2\/posts"}],"about":[{"href":"https:\/\/blog.germigarden.com\/pt-pt\/wp-json\/wp\/v2\/types\/post"}],"author":[{"embeddable":true,"href":"https:\/\/blog.germigarden.com\/pt-pt\/wp-json\/wp\/v2\/users\/2"}],"replies":[{"embeddable":true,"href":"https:\/\/blog.germigarden.com\/pt-pt\/wp-json\/wp\/v2\/comments?post=5131"}],"version-history":[{"count":4,"href":"https:\/\/blog.germigarden.com\/pt-pt\/wp-json\/wp\/v2\/posts\/5131\/revisions"}],"predecessor-version":[{"id":5138,"href":"https:\/\/blog.germigarden.com\/pt-pt\/wp-json\/wp\/v2\/posts\/5131\/revisions\/5138"}],"wp:featuredmedia":[{"embeddable":true,"href":"https:\/\/blog.germigarden.com\/pt-pt\/wp-json\/wp\/v2\/media\/5096"}],"wp:attachment":[{"href":"https:\/\/blog.germigarden.com\/pt-pt\/wp-json\/wp\/v2\/media?parent=5131"}],"wp:term":[{"taxonomy":"category","embeddable":true,"href":"https:\/\/blog.germigarden.com\/pt-pt\/wp-json\/wp\/v2\/categories?post=5131"},{"taxonomy":"post_tag","embeddable":true,"href":"https:\/\/blog.germigarden.com\/pt-pt\/wp-json\/wp\/v2\/tags?post=5131"}],"curies":[{"name":"wp","href":"https:\/\/api.w.org\/{rel}","templated":true}]}}