{"id":6538,"date":"2023-03-21T10:00:49","date_gmt":"2023-03-21T08:00:49","guid":{"rendered":"https:\/\/blog.germigarden.com\/?p=6538"},"modified":"2023-03-15T16:30:22","modified_gmt":"2023-03-15T14:30:22","slug":"dicas-cuidado-do-goivo-planta-aleli","status":"publish","type":"post","link":"https:\/\/blog.germigarden.com\/pt-pt\/jardinagem-pt-pt\/dicas-cuidado-do-goivo-planta-aleli\/","title":{"rendered":"Dicas para o cuidado do goivo: uma planta para o in\u00edcio da primavera"},"content":{"rendered":"\n<p>Nas plantas perfeitas para o in\u00edcio da primavera destacamos o goivo. \u00c9 uma planta ideal para vasos e jardins devido ao seu f\u00e1cil cuidado. Hoje contaremos tudo sobre o alheli ou goivo: os seus cuidados e as suas principais caracter\u00edsticas.<\/p>\n\n\n<div class=\"wp-block-image is-style-default\">\n<figure class=\"aligncenter size-full\"><a href=\"https:\/\/www.germigarden.com\/pt\/outras-plantas-da-estacao-de-floracao\/550010335-aleli.html\"><img decoding=\"async\" width=\"800\" height=\"532\" src=\"https:\/\/blog.germigarden.com\/wp-content\/uploads\/2023\/03\/alheli-photo-1-scaled.jpg\" alt=\"\" class=\"wp-image-6522\" srcset=\"https:\/\/blog.germigarden.com\/wp-content\/uploads\/2023\/03\/alheli-photo-1-scaled.jpg 800w, https:\/\/blog.germigarden.com\/wp-content\/uploads\/2023\/03\/alheli-photo-1-480x319.jpg 480w\" sizes=\"(min-width: 0px) and (max-width: 480px) 480px, (min-width: 481px) 800px, 100vw\" \/><\/a><\/figure>\n<\/div>\n\n\n<div class=\"wp-block-group has-black-color has-text-color has-background\" style=\"background-color:#edf7e8\"><div class=\"wp-block-group__inner-container is-layout-flow wp-block-group-is-layout-flow\">\n<h4 class=\"wp-block-heading\"><strong><\/strong><p class=\"indice\"><strong>\u00cdndice<\/strong><\/p><\/h4>\n\n\n\n<ul class=\"wp-block-list\">\n<li><a href=\"#texto-ancla1\">Quando e como ocorre a flora\u00e7\u00e3o do goivo?<\/a><\/li>\n\n\n\n<li><a href=\"#texto-ancla2\">Cuidado do alheli ou goivo<\/a>\n<ul class=\"wp-block-list\">\n<li><a href=\"#texto-ancla3\">Onde colocar a planta goivo?<\/a><\/li>\n\n\n\n<li><a href=\"#texto-ancla4\">Quando plantar goivo no jardim?<\/a><\/li>\n\n\n\n<li><a href=\"#texto-ancla5\">Com que frequ\u00eancia regar o goivo?<\/a><\/li>\n<\/ul>\n<\/li>\n<\/ul>\n<\/div><\/div>\n\n\n\n<p>O alheli ou goivo \u00e9 uma planta do g\u00e9nero <em>Matthiola<\/em>. \u00c9 uma planta anual de origem mediterr\u00e2nica e, por isso, est\u00e1 adaptada a situa\u00e7\u00f5es de seca, bem como a invernos amenos e ver\u00f5es quentes e secos.<\/p>\n\n\n\n<h3 class=\"wp-block-heading\" id=\"texto-ancla1\">Quando e como ocorre a flora\u00e7\u00e3o do goivo?<\/h3>\n\n\n\n<p>A sua flora\u00e7\u00e3o come\u00e7a no outono e pode durar at\u00e9 o in\u00edcio do ver\u00e3o. Dependendo da \u00e1rea, a flora\u00e7\u00e3o pode come\u00e7ar mais cedo ou durar mais ou menos. A suas flores s\u00e3o reunidas em grupos nas extremidades dos ramos. Costumam fazer flores com tons de lil\u00e1s, rosa, branco\u2026 O alheli \u00e9 extremamente perfumado, por isso ser\u00e1 uma flor maravilhosa para um jardim e terra\u00e7os.<\/p>\n\n\n\n<p>Relativamente \u00e0 planta propriamente dita, ela n\u00e3o costuma atingir mais de 50 cm de altura. A suas hastes atingem 30 \u2013 50 cm com as flores na ponta.<\/p>\n\n\n<div class=\"wp-block-image is-style-default\">\n<figure class=\"aligncenter size-full is-resized\"><a href=\"https:\/\/www.germigarden.com\/pt\/outras-plantas-da-estacao-de-floracao\/550010335-aleli.html\"><img decoding=\"async\" src=\"https:\/\/blog.germigarden.com\/wp-content\/uploads\/2023\/03\/Alheli-1.jpg\" alt=\"goivo planta aleli flores moradas\" class=\"wp-image-6519\" width=\"600\" height=\"600\" srcset=\"https:\/\/blog.germigarden.com\/wp-content\/uploads\/2023\/03\/Alheli-1.jpg 600w, https:\/\/blog.germigarden.com\/wp-content\/uploads\/2023\/03\/Alheli-1-480x480.jpg 480w\" sizes=\"(min-width: 0px) and (max-width: 480px) 480px, (min-width: 481px) 600px, 100vw\" \/><\/a><\/figure>\n<\/div>\n\n\n<h2 class=\"wp-block-heading\" id=\"texto-ancla2\">Cuidado do goivo<\/h2>\n\n\n\n<h3 class=\"wp-block-heading\" id=\"texto-ancla3\">Onde colocar a planta goivo?<\/h3>\n\n\n\n<p>Quanto \u00e0 sua localiza\u00e7\u00e3o, o alheli \u00e9 muito adequado para vasos, floreiras e jardins, tanto no outono quanto no inverno e na primavera. \u00c9 aconselh\u00e1vel plant\u00e1-la num espa\u00e7o com muita exposi\u00e7\u00e3o solar. Esta planta suporta invernos amenos, pois a sua flor n\u00e3o \u00e9 muito resistente \u00e0 geada. Portanto, \u00e9 uma planta ideal para meses frios e temperados.<\/p>\n\n\n<div class=\"wp-block-image is-style-default\">\n<figure class=\"aligncenter size-full\"><a href=\"https:\/\/www.germigarden.com\/pt\/outras-plantas-da-estacao-de-floracao\/550010335-aleli.html\"><img decoding=\"async\" width=\"500\" height=\"500\" src=\"https:\/\/blog.germigarden.com\/wp-content\/uploads\/2023\/03\/alheli-photo-2.jpg\" alt=\"\" class=\"wp-image-6525\" srcset=\"https:\/\/blog.germigarden.com\/wp-content\/uploads\/2023\/03\/alheli-photo-2.jpg 500w, https:\/\/blog.germigarden.com\/wp-content\/uploads\/2023\/03\/alheli-photo-2-480x480.jpg 480w\" sizes=\"(min-width: 0px) and (max-width: 480px) 480px, (min-width: 481px) 500px, 100vw\" \/><\/a><\/figure>\n<\/div>\n\n\n<h3 class=\"wp-block-heading\" id=\"texto-ancla4\">Quando plantar goivo no jardim?<\/h3>\n\n\n\n<p>Esta planta pode ser plantada do outono \u00e0 primavera. Normalmente, a encontraremos nas lojas a partir de fevereiro porque \u00e9 quando a sua flora\u00e7\u00e3o \u00e9 mais abundante e pode durar at\u00e9 o in\u00edcio do ver\u00e3o. Portanto, as melhores \u00e9pocas para plantar flores de goivo s\u00e3o no final do inverno e in\u00edcio da primavera. Mesmo assim, \u00e9 poss\u00edvel encontr\u00e1-la no outono como planta para a esta\u00e7\u00e3o outono-inverno.<\/p>\n\n\n\n<h3 class=\"wp-block-heading\" id=\"texto-ancla5\">Com que frequ\u00eancia regar o goivo?<\/h3>\n\n\n\n<p>Continuando com a rega, o goivo \u00e9 ligeiramente sens\u00edvel ao excesso de rega, pelo que teremos de o controlar, sobretudo nos meses mais h\u00famidos, para n\u00e3o regar em excesso. Al\u00e9m disso, \u00e9 interessante aplicar uma aduba\u00e7\u00e3o peri\u00f3dica para a planta crescer e precise de mais \u00e1gua, evitando assim que as ra\u00edzes apodre\u00e7am.<\/p>\n\n\n\n<p>Esta \u00e9 a informa\u00e7\u00e3o b\u00e1sica sobre os cuidados com o alheli ou goivo. Esta planta perfeita para o in\u00edcio da primavera. Pode conferir <a href=\"https:\/\/blog.germigarden.com\/pt-pt\/jardinagem-pt-pt\/as-primeiras-plantas-que-pode-plantar-na-primavera\/\">outras plantas ideais para o in\u00edcio da primavera<\/a> no nosso artigo. Se precisa comprar alheli, ou saber mais informa\u00e7\u00f5es sobre esta planta, v\u00e1 at\u00e9 o <a href=\"https:\/\/www.germigarden.com\/pt\/outras-plantas-da-estacao-de-floracao\/550010335-aleli.html\">GermiGarden <\/a>e n\u00f3s o ajudaremos no que for preciso.<\/p>\n","protected":false},"excerpt":{"rendered":"<p>Nas plantas perfeitas para o in\u00edcio da primavera destacamos o goivo. \u00c9 uma planta ideal para vasos e jardins devido ao seu f\u00e1cil cuidado. Hoje contaremos tudo sobre o alheli ou goivo: os seus cuidados e as suas principais caracter\u00edsticas. \u00cdndice O alheli ou goivo \u00e9 uma planta do g\u00e9nero Matthiola. \u00c9 uma planta anual [&hellip;]<\/p>\n","protected":false},"author":2,"featured_media":6521,"comment_status":"open","ping_status":"open","sticky":false,"template":"","format":"standard","meta":{"_et_pb_use_builder":"","_et_pb_old_content":"","_et_gb_content_width":"","footnotes":""},"categories":[45,46],"tags":[413,141,132],"class_list":["post-6538","post","type-post","status-publish","format-standard","has-post-thumbnail","hentry","category-jardinagem-pt-pt","category-planta-ao-ar-livre-pt-pt","tag-planta-de-temporada-pt-pt","tag-primavera-3","tag-primavera"],"yoast_head":"<!-- This site is optimized with the Yoast SEO plugin v20.5 - https:\/\/yoast.com\/wordpress\/plugins\/seo\/ -->\n<title>Cuidado do goivo: planta para o in\u00edcio da primavera - Germigarden | Blog<\/title>\n<meta name=\"description\" content=\"Nas plantas perfeitas para o in\u00edcio da primavera destacamos o goivo. Hoje, tudo sobre o alheli ou goivo: os seus cuidados e caracter\u00edsticas.\" \/>\n<meta name=\"robots\" content=\"index, follow, max-snippet:-1, max-image-preview:large, max-video-preview:-1\" \/>\n<link rel=\"canonical\" href=\"https:\/\/blog.germigarden.com\/pt-pt\/jardinagem-pt-pt\/dicas-cuidado-do-goivo-planta-aleli\/\" \/>\n<meta property=\"og:locale\" content=\"pt_PT\" \/>\n<meta property=\"og:type\" content=\"article\" \/>\n<meta property=\"og:title\" content=\"Cuidado do goivo: planta para o in\u00edcio da primavera - Germigarden | Blog\" \/>\n<meta property=\"og:description\" content=\"Nas plantas perfeitas para o in\u00edcio da primavera destacamos o goivo. Hoje, tudo sobre o alheli ou goivo: os seus cuidados e caracter\u00edsticas.\" \/>\n<meta property=\"og:url\" content=\"https:\/\/blog.germigarden.com\/pt-pt\/jardinagem-pt-pt\/dicas-cuidado-do-goivo-planta-aleli\/\" \/>\n<meta property=\"og:site_name\" content=\"Germigarden | Blog\" \/>\n<meta property=\"article:publisher\" content=\"https:\/\/www.instagram.com\/germigarden\/?hl=es\" \/>\n<meta property=\"article:published_time\" content=\"2023-03-21T08:00:49+00:00\" \/>\n<meta property=\"article:modified_time\" content=\"2023-03-15T14:30:22+00:00\" \/>\n<meta property=\"og:image\" content=\"https:\/\/blog.germigarden.com\/wp-content\/uploads\/2023\/03\/Alheli-1.jpg\" \/>\n\t<meta property=\"og:image:width\" content=\"800\" \/>\n\t<meta property=\"og:image:height\" content=\"800\" \/>\n\t<meta property=\"og:image:type\" content=\"image\/jpeg\" \/>\n<meta name=\"author\" content=\"GermiGarden\" \/>\n<meta name=\"twitter:card\" content=\"summary_large_image\" \/>\n<meta name=\"twitter:label1\" content=\"Escrito por\" \/>\n\t<meta name=\"twitter:data1\" content=\"GermiGarden\" \/>\n\t<meta name=\"twitter:label2\" content=\"Tempo estimado de leitura\" \/>\n\t<meta name=\"twitter:data2\" content=\"3 minutos\" \/>\n<script type=\"application\/ld+json\" class=\"yoast-schema-graph\">{\"@context\":\"https:\/\/schema.org\",\"@graph\":[{\"@type\":\"Article\",\"@id\":\"https:\/\/blog.germigarden.com\/pt-pt\/jardinagem-pt-pt\/dicas-cuidado-do-goivo-planta-aleli\/#article\",\"isPartOf\":{\"@id\":\"https:\/\/blog.germigarden.com\/pt-pt\/jardinagem-pt-pt\/dicas-cuidado-do-goivo-planta-aleli\/\"},\"author\":{\"name\":\"GermiGarden\",\"@id\":\"https:\/\/blog.germigarden.com\/pt-pt\/#\/schema\/person\/686f50a524e2347177e6b2cd3e7a827f\"},\"headline\":\"Dicas para o cuidado do goivo: uma planta para o in\u00edcio da primavera\",\"datePublished\":\"2023-03-21T08:00:49+00:00\",\"dateModified\":\"2023-03-15T14:30:22+00:00\",\"mainEntityOfPage\":{\"@id\":\"https:\/\/blog.germigarden.com\/pt-pt\/jardinagem-pt-pt\/dicas-cuidado-do-goivo-planta-aleli\/\"},\"wordCount\":498,\"commentCount\":0,\"publisher\":{\"@id\":\"https:\/\/blog.germigarden.com\/pt-pt\/#organization\"},\"keywords\":[\"Planta de temporada\",\"Primavera\",\"Primavera\"],\"articleSection\":[\"Jardinagem\",\"Planta ao ar livre\"],\"inLanguage\":\"pt-PT\",\"potentialAction\":[{\"@type\":\"CommentAction\",\"name\":\"Comment\",\"target\":[\"https:\/\/blog.germigarden.com\/pt-pt\/jardinagem-pt-pt\/dicas-cuidado-do-goivo-planta-aleli\/#respond\"]}]},{\"@type\":\"WebPage\",\"@id\":\"https:\/\/blog.germigarden.com\/pt-pt\/jardinagem-pt-pt\/dicas-cuidado-do-goivo-planta-aleli\/\",\"url\":\"https:\/\/blog.germigarden.com\/pt-pt\/jardinagem-pt-pt\/dicas-cuidado-do-goivo-planta-aleli\/\",\"name\":\"Cuidado do goivo: planta para o in\u00edcio da primavera - Germigarden | Blog\",\"isPartOf\":{\"@id\":\"https:\/\/blog.germigarden.com\/pt-pt\/#website\"},\"datePublished\":\"2023-03-21T08:00:49+00:00\",\"dateModified\":\"2023-03-15T14:30:22+00:00\",\"description\":\"Nas plantas perfeitas para o in\u00edcio da primavera destacamos o goivo. Hoje, tudo sobre o alheli ou goivo: os seus cuidados e caracter\u00edsticas.\",\"breadcrumb\":{\"@id\":\"https:\/\/blog.germigarden.com\/pt-pt\/jardinagem-pt-pt\/dicas-cuidado-do-goivo-planta-aleli\/#breadcrumb\"},\"inLanguage\":\"pt-PT\",\"potentialAction\":[{\"@type\":\"ReadAction\",\"target\":[\"https:\/\/blog.germigarden.com\/pt-pt\/jardinagem-pt-pt\/dicas-cuidado-do-goivo-planta-aleli\/\"]}]},{\"@type\":\"BreadcrumbList\",\"@id\":\"https:\/\/blog.germigarden.com\/pt-pt\/jardinagem-pt-pt\/dicas-cuidado-do-goivo-planta-aleli\/#breadcrumb\",\"itemListElement\":[{\"@type\":\"ListItem\",\"position\":1,\"name\":\"Portada\",\"item\":\"https:\/\/blog.germigarden.com\/pt-pt\/\"},{\"@type\":\"ListItem\",\"position\":2,\"name\":\"Dicas para o cuidado do goivo: uma planta para o in\u00edcio da primavera\"}]},{\"@type\":\"WebSite\",\"@id\":\"https:\/\/blog.germigarden.com\/pt-pt\/#website\",\"url\":\"https:\/\/blog.germigarden.com\/pt-pt\/\",\"name\":\"Blog de GermiGarden\",\"description\":\"El blog de tu garden online\",\"publisher\":{\"@id\":\"https:\/\/blog.germigarden.com\/pt-pt\/#organization\"},\"potentialAction\":[{\"@type\":\"SearchAction\",\"target\":{\"@type\":\"EntryPoint\",\"urlTemplate\":\"https:\/\/blog.germigarden.com\/pt-pt\/?s={search_term_string}\"},\"query-input\":\"required name=search_term_string\"}],\"inLanguage\":\"pt-PT\"},{\"@type\":\"Organization\",\"@id\":\"https:\/\/blog.germigarden.com\/pt-pt\/#organization\",\"name\":\"Blog de GermiGarden\",\"url\":\"https:\/\/blog.germigarden.com\/pt-pt\/\",\"logo\":{\"@type\":\"ImageObject\",\"inLanguage\":\"pt-PT\",\"@id\":\"https:\/\/blog.germigarden.com\/pt-pt\/#\/schema\/logo\/image\/\",\"url\":\"https:\/\/blog.germigarden.com\/wp-content\/uploads\/2022\/04\/germigarden.png\",\"contentUrl\":\"https:\/\/blog.germigarden.com\/wp-content\/uploads\/2022\/04\/germigarden.png\",\"width\":252,\"height\":116,\"caption\":\"Blog de GermiGarden\"},\"image\":{\"@id\":\"https:\/\/blog.germigarden.com\/pt-pt\/#\/schema\/logo\/image\/\"},\"sameAs\":[\"https:\/\/www.instagram.com\/germigarden\/?hl=es\",\"https:\/\/www.youtube.com\/channel\/UCZNxfjmIpZZFt1XYLH7vEOQ\"]},{\"@type\":\"Person\",\"@id\":\"https:\/\/blog.germigarden.com\/pt-pt\/#\/schema\/person\/686f50a524e2347177e6b2cd3e7a827f\",\"name\":\"GermiGarden\",\"image\":{\"@type\":\"ImageObject\",\"inLanguage\":\"pt-PT\",\"@id\":\"https:\/\/blog.germigarden.com\/pt-pt\/#\/schema\/person\/image\/\",\"url\":\"https:\/\/secure.gravatar.com\/avatar\/a626aaa87d3e70ba460907a2ed89f656431172f7f0219bb6ba18a8866fdfa5a3?s=96&d=mm&r=g\",\"contentUrl\":\"https:\/\/secure.gravatar.com\/avatar\/a626aaa87d3e70ba460907a2ed89f656431172f7f0219bb6ba18a8866fdfa5a3?s=96&d=mm&r=g\",\"caption\":\"GermiGarden\"},\"sameAs\":[\"https:\/\/blog.germigarden.com\/\"]}]}<\/script>\n<!-- \/ Yoast SEO plugin. -->","yoast_head_json":{"title":"Cuidado do goivo: planta para o in\u00edcio da primavera - Germigarden | Blog","description":"Nas plantas perfeitas para o in\u00edcio da primavera destacamos o goivo. Hoje, tudo sobre o alheli ou goivo: os seus cuidados e caracter\u00edsticas.","robots":{"index":"index","follow":"follow","max-snippet":"max-snippet:-1","max-image-preview":"max-image-preview:large","max-video-preview":"max-video-preview:-1"},"canonical":"https:\/\/blog.germigarden.com\/pt-pt\/jardinagem-pt-pt\/dicas-cuidado-do-goivo-planta-aleli\/","og_locale":"pt_PT","og_type":"article","og_title":"Cuidado do goivo: planta para o in\u00edcio da primavera - Germigarden | Blog","og_description":"Nas plantas perfeitas para o in\u00edcio da primavera destacamos o goivo. Hoje, tudo sobre o alheli ou goivo: os seus cuidados e caracter\u00edsticas.","og_url":"https:\/\/blog.germigarden.com\/pt-pt\/jardinagem-pt-pt\/dicas-cuidado-do-goivo-planta-aleli\/","og_site_name":"Germigarden | Blog","article_publisher":"https:\/\/www.instagram.com\/germigarden\/?hl=es","article_published_time":"2023-03-21T08:00:49+00:00","article_modified_time":"2023-03-15T14:30:22+00:00","og_image":[{"width":800,"height":800,"url":"https:\/\/blog.germigarden.com\/wp-content\/uploads\/2023\/03\/Alheli-1.jpg","type":"image\/jpeg"}],"author":"GermiGarden","twitter_card":"summary_large_image","twitter_misc":{"Escrito por":"GermiGarden","Tempo estimado de leitura":"3 minutos"},"schema":{"@context":"https:\/\/schema.org","@graph":[{"@type":"Article","@id":"https:\/\/blog.germigarden.com\/pt-pt\/jardinagem-pt-pt\/dicas-cuidado-do-goivo-planta-aleli\/#article","isPartOf":{"@id":"https:\/\/blog.germigarden.com\/pt-pt\/jardinagem-pt-pt\/dicas-cuidado-do-goivo-planta-aleli\/"},"author":{"name":"GermiGarden","@id":"https:\/\/blog.germigarden.com\/pt-pt\/#\/schema\/person\/686f50a524e2347177e6b2cd3e7a827f"},"headline":"Dicas para o cuidado do goivo: uma planta para o in\u00edcio da primavera","datePublished":"2023-03-21T08:00:49+00:00","dateModified":"2023-03-15T14:30:22+00:00","mainEntityOfPage":{"@id":"https:\/\/blog.germigarden.com\/pt-pt\/jardinagem-pt-pt\/dicas-cuidado-do-goivo-planta-aleli\/"},"wordCount":498,"commentCount":0,"publisher":{"@id":"https:\/\/blog.germigarden.com\/pt-pt\/#organization"},"keywords":["Planta de temporada","Primavera","Primavera"],"articleSection":["Jardinagem","Planta ao ar livre"],"inLanguage":"pt-PT","potentialAction":[{"@type":"CommentAction","name":"Comment","target":["https:\/\/blog.germigarden.com\/pt-pt\/jardinagem-pt-pt\/dicas-cuidado-do-goivo-planta-aleli\/#respond"]}]},{"@type":"WebPage","@id":"https:\/\/blog.germigarden.com\/pt-pt\/jardinagem-pt-pt\/dicas-cuidado-do-goivo-planta-aleli\/","url":"https:\/\/blog.germigarden.com\/pt-pt\/jardinagem-pt-pt\/dicas-cuidado-do-goivo-planta-aleli\/","name":"Cuidado do goivo: planta para o in\u00edcio da primavera - Germigarden | Blog","isPartOf":{"@id":"https:\/\/blog.germigarden.com\/pt-pt\/#website"},"datePublished":"2023-03-21T08:00:49+00:00","dateModified":"2023-03-15T14:30:22+00:00","description":"Nas plantas perfeitas para o in\u00edcio da primavera destacamos o goivo. Hoje, tudo sobre o alheli ou goivo: os seus cuidados e caracter\u00edsticas.","breadcrumb":{"@id":"https:\/\/blog.germigarden.com\/pt-pt\/jardinagem-pt-pt\/dicas-cuidado-do-goivo-planta-aleli\/#breadcrumb"},"inLanguage":"pt-PT","potentialAction":[{"@type":"ReadAction","target":["https:\/\/blog.germigarden.com\/pt-pt\/jardinagem-pt-pt\/dicas-cuidado-do-goivo-planta-aleli\/"]}]},{"@type":"BreadcrumbList","@id":"https:\/\/blog.germigarden.com\/pt-pt\/jardinagem-pt-pt\/dicas-cuidado-do-goivo-planta-aleli\/#breadcrumb","itemListElement":[{"@type":"ListItem","position":1,"name":"Portada","item":"https:\/\/blog.germigarden.com\/pt-pt\/"},{"@type":"ListItem","position":2,"name":"Dicas para o cuidado do goivo: uma planta para o in\u00edcio da primavera"}]},{"@type":"WebSite","@id":"https:\/\/blog.germigarden.com\/pt-pt\/#website","url":"https:\/\/blog.germigarden.com\/pt-pt\/","name":"Blog de GermiGarden","description":"El blog de tu garden online","publisher":{"@id":"https:\/\/blog.germigarden.com\/pt-pt\/#organization"},"potentialAction":[{"@type":"SearchAction","target":{"@type":"EntryPoint","urlTemplate":"https:\/\/blog.germigarden.com\/pt-pt\/?s={search_term_string}"},"query-input":"required name=search_term_string"}],"inLanguage":"pt-PT"},{"@type":"Organization","@id":"https:\/\/blog.germigarden.com\/pt-pt\/#organization","name":"Blog de GermiGarden","url":"https:\/\/blog.germigarden.com\/pt-pt\/","logo":{"@type":"ImageObject","inLanguage":"pt-PT","@id":"https:\/\/blog.germigarden.com\/pt-pt\/#\/schema\/logo\/image\/","url":"https:\/\/blog.germigarden.com\/wp-content\/uploads\/2022\/04\/germigarden.png","contentUrl":"https:\/\/blog.germigarden.com\/wp-content\/uploads\/2022\/04\/germigarden.png","width":252,"height":116,"caption":"Blog de GermiGarden"},"image":{"@id":"https:\/\/blog.germigarden.com\/pt-pt\/#\/schema\/logo\/image\/"},"sameAs":["https:\/\/www.instagram.com\/germigarden\/?hl=es","https:\/\/www.youtube.com\/channel\/UCZNxfjmIpZZFt1XYLH7vEOQ"]},{"@type":"Person","@id":"https:\/\/blog.germigarden.com\/pt-pt\/#\/schema\/person\/686f50a524e2347177e6b2cd3e7a827f","name":"GermiGarden","image":{"@type":"ImageObject","inLanguage":"pt-PT","@id":"https:\/\/blog.germigarden.com\/pt-pt\/#\/schema\/person\/image\/","url":"https:\/\/secure.gravatar.com\/avatar\/a626aaa87d3e70ba460907a2ed89f656431172f7f0219bb6ba18a8866fdfa5a3?s=96&d=mm&r=g","contentUrl":"https:\/\/secure.gravatar.com\/avatar\/a626aaa87d3e70ba460907a2ed89f656431172f7f0219bb6ba18a8866fdfa5a3?s=96&d=mm&r=g","caption":"GermiGarden"},"sameAs":["https:\/\/blog.germigarden.com\/"]}]}},"_links":{"self":[{"href":"https:\/\/blog.germigarden.com\/pt-pt\/wp-json\/wp\/v2\/posts\/6538","targetHints":{"allow":["GET"]}}],"collection":[{"href":"https:\/\/blog.germigarden.com\/pt-pt\/wp-json\/wp\/v2\/posts"}],"about":[{"href":"https:\/\/blog.germigarden.com\/pt-pt\/wp-json\/wp\/v2\/types\/post"}],"author":[{"embeddable":true,"href":"https:\/\/blog.germigarden.com\/pt-pt\/wp-json\/wp\/v2\/users\/2"}],"replies":[{"embeddable":true,"href":"https:\/\/blog.germigarden.com\/pt-pt\/wp-json\/wp\/v2\/comments?post=6538"}],"version-history":[{"count":2,"href":"https:\/\/blog.germigarden.com\/pt-pt\/wp-json\/wp\/v2\/posts\/6538\/revisions"}],"predecessor-version":[{"id":6540,"href":"https:\/\/blog.germigarden.com\/pt-pt\/wp-json\/wp\/v2\/posts\/6538\/revisions\/6540"}],"wp:featuredmedia":[{"embeddable":true,"href":"https:\/\/blog.germigarden.com\/pt-pt\/wp-json\/wp\/v2\/media\/6521"}],"wp:attachment":[{"href":"https:\/\/blog.germigarden.com\/pt-pt\/wp-json\/wp\/v2\/media?parent=6538"}],"wp:term":[{"taxonomy":"category","embeddable":true,"href":"https:\/\/blog.germigarden.com\/pt-pt\/wp-json\/wp\/v2\/categories?post=6538"},{"taxonomy":"post_tag","embeddable":true,"href":"https:\/\/blog.germigarden.com\/pt-pt\/wp-json\/wp\/v2\/tags?post=6538"}],"curies":[{"name":"wp","href":"https:\/\/api.w.org\/{rel}","templated":true}]}}