{"id":8291,"date":"2025-11-11T12:39:00","date_gmt":"2025-11-11T10:39:00","guid":{"rendered":"https:\/\/blog.germigarden.com\/?p=8291"},"modified":"2025-11-11T12:46:25","modified_gmt":"2025-11-11T10:46:25","slug":"os-melhores-bulbos-para-plantar-no-outono","status":"publish","type":"post","link":"https:\/\/blog.germigarden.com\/pt-pt\/jardinagem-pt-pt\/os-melhores-bulbos-para-plantar-no-outono\/","title":{"rendered":"Os melhores bulbos para plantar no outono"},"content":{"rendered":"\n<p>Os bulbos de outono s\u00e3o uma excelente forma de encher o seu jardim de cor, aroma e alegria quando chega a primavera. S\u00e3o plantados durante os meses mais frescos do ano, entre setembro e dezembro, para que passem o inverno no solo e flores\u00e7am com for\u00e7a quando as temperaturas aumentam.<\/p>\n\n\n\n<p>Estes bulbos s\u00e3o f\u00e1ceis de cultivar e adaptam-se a diferentes tipos de solo e clima, o que os torna ideais para qualquer tipo de jardim ou at\u00e9 mesmo para vasos e floreiras. No artigo de hoje, apresentamos uma lista de diferentes bulbos de outono perfeitos para plantar agora e desfrutar de um jardim espetacular na primavera. Poder\u00e1 <a href=\"https:\/\/www.germigarden.com\/pt\/530-bulbo-de-outono\">comprar bulbos<\/a> de outono na nossa loja online.<\/p>\n\n\n\n<figure class=\"wp-block-image size-full\"><img decoding=\"async\" width=\"800\" height=\"310\" src=\"https:\/\/blog.germigarden.com\/wp-content\/uploads\/2025\/11\/BULBOS-TARDOR-25-PORT-scaled.png\" alt=\"\" class=\"wp-image-8428\" srcset=\"https:\/\/blog.germigarden.com\/wp-content\/uploads\/2025\/11\/BULBOS-TARDOR-25-PORT-scaled.png 800w, https:\/\/blog.germigarden.com\/wp-content\/uploads\/2025\/11\/BULBOS-TARDOR-25-PORT-480x186.png 480w\" sizes=\"(min-width: 0px) and (max-width: 480px) 480px, (min-width: 481px) 800px, 100vw\" \/><\/figure>\n\n\n\n<h2 class=\"wp-block-heading\">O que s\u00e3o os bulbos de outono?<\/h2>\n\n\n\n<p>Os bulbos de outono, tamb\u00e9m conhecidos como bulbos de flora\u00e7\u00e3o primaveril, s\u00e3o aquelas esp\u00e9cies que se plantam quando as temperaturas descem, normalmente entre o final de setembro e dezembro. Durante o inverno, o bulbo entra em repouso sob a terra e desenvolve ra\u00edzes, preparando-se para brotar assim que chegam os dias mais amenos da primavera.<\/p>\n\n\n\n<p>A sua grande vantagem \u00e9 que florescem exatamente quando o jardim come\u00e7a a despertar, trazendo as primeiras cores do ano e marcando o in\u00edcio da \u00e9poca das flores.<\/p>\n\n\n\n<h2 class=\"wp-block-heading\">Lista dos 8 melhores bulbos de outono<\/h2>\n\n\n\n<p>A seguir, apresentamos uma lista dos melhores bulbos de outono que pode plantar no seu jardim nesta esta\u00e7\u00e3o:<\/p>\n\n\n\n<h2 class=\"wp-block-heading\">Tulipa<\/h2>\n\n\n\n<p>As tulipas s\u00e3o as rainhas do jardim primaveril. Existem milhares de variedades com diferentes formas e cores: desde os cl\u00e1ssicos vermelhos e amarelos at\u00e9 tons lil\u00e1s, rosa ou at\u00e9 bicolores. S\u00e3o perfeitas para combinar em canteiros ou vasos e oferecem um espet\u00e1culo de cor incompar\u00e1vel. Na nossa loja poder\u00e1 descobrir uma grande variedade de <a href=\"https:\/\/www.germigarden.com\/pt\/1423-bulbos-de-tulipa\">bulbos de tulipas<\/a>.<\/p>\n\n\n<div class=\"wp-block-image is-style-default\">\n<figure class=\"aligncenter size-full is-resized\"><img decoding=\"async\" width=\"800\" height=\"400\" src=\"https:\/\/blog.germigarden.com\/wp-content\/uploads\/2025\/11\/jardin-floral-brillante-como-un-fondo-colorido-1-scaled.jpg\" alt=\"\" class=\"wp-image-8297\" style=\"aspect-ratio:1.5;width:821px;height:auto\" srcset=\"https:\/\/blog.germigarden.com\/wp-content\/uploads\/2025\/11\/jardin-floral-brillante-como-un-fondo-colorido-1-scaled.jpg 800w, https:\/\/blog.germigarden.com\/wp-content\/uploads\/2025\/11\/jardin-floral-brillante-como-un-fondo-colorido-1-480x240.jpg 480w\" sizes=\"(min-width: 0px) and (max-width: 480px) 480px, (min-width: 481px) 800px, 100vw\" \/><\/figure>\n<\/div>\n\n\n<h2 class=\"wp-block-heading\" id=\"texto-ancla3\">Fr\u00e9sia<\/h2>\n\n\n\n<p>As fr\u00e9sias s\u00e3o conhecidas pelo seu perfume doce e intenso, um dos mais apreciados entre as flores de bulbo. As suas flores em forma de trombeta aparecem agrupadas em cachos e podem ter cores vivas como branco, amarelo, rosa, vermelho, laranja ou violeta.<\/p>\n\n\n<div class=\"wp-block-image is-style-default\">\n<figure class=\"aligncenter size-full is-resized\"><img decoding=\"async\" width=\"800\" height=\"530\" src=\"https:\/\/blog.germigarden.com\/wp-content\/uploads\/2025\/11\/primer-plano-de-dos-coloridas-flores-de-tulipan-aislado-sobre-fondo-blanco-con-espacio-para-el-texto-3-scaled.jpg\" alt=\"\" class=\"wp-image-8432\" style=\"width:600px;height:400px\" srcset=\"https:\/\/blog.germigarden.com\/wp-content\/uploads\/2025\/11\/primer-plano-de-dos-coloridas-flores-de-tulipan-aislado-sobre-fondo-blanco-con-espacio-para-el-texto-3-scaled.jpg 800w, https:\/\/blog.germigarden.com\/wp-content\/uploads\/2025\/11\/primer-plano-de-dos-coloridas-flores-de-tulipan-aislado-sobre-fondo-blanco-con-espacio-para-el-texto-3-480x318.jpg 480w\" sizes=\"(min-width: 0px) and (max-width: 480px) 480px, (min-width: 481px) 800px, 100vw\" \/><\/figure>\n<\/div>\n\n\n<h2 class=\"wp-block-heading\" id=\"texto-ancla4\">Jacinto<\/h2>\n\n\n\n<p>O jacinto \u00e9 conhecido pelo seu perfume intenso e pela espiga de flores densas e coloridas. Pode cultiv\u00e1-lo tanto no jardim como em interiores, chegando at\u00e9 a for\u00e7\u00e1-lo em \u00e1gua para desfrutar da sua flora\u00e7\u00e3o antes da primavera.<\/p>\n\n\n<div class=\"wp-block-image is-style-default\">\n<figure class=\"aligncenter size-full is-resized\"><img decoding=\"async\" width=\"800\" height=\"533\" src=\"https:\/\/blog.germigarden.com\/wp-content\/uploads\/2025\/11\/arreglo-con-jacintos-coloridos-2-scaled.jpg\" alt=\"\" class=\"wp-image-8436\" style=\"width:600px;height:450px\" srcset=\"https:\/\/blog.germigarden.com\/wp-content\/uploads\/2025\/11\/arreglo-con-jacintos-coloridos-2-scaled.jpg 800w, https:\/\/blog.germigarden.com\/wp-content\/uploads\/2025\/11\/arreglo-con-jacintos-coloridos-2-480x320.jpg 480w\" sizes=\"(min-width: 0px) and (max-width: 480px) 480px, (min-width: 481px) 800px, 100vw\" \/><\/figure>\n<\/div>\n\n\n<h2 class=\"wp-block-heading\" id=\"texto-ancla5\">Calas<\/h2>\n\n\n\n<p>As calas, tamb\u00e9m conhecidas como l\u00edrios-de-\u00e1gua, precisam de maior humidade, por isso \u00e9 comum encontr\u00e1-las perto de lagoas ou fontes. Destaca-se a sua flor em forma de funil com uma grande infloresc\u00eancia no centro. Embora geralmente sejam brancas, algumas vezes podem ser encontradas em cores roxa, amarela ou laranja.<\/p>\n\n\n<div class=\"wp-block-image is-style-default\">\n<figure class=\"aligncenter size-full is-resized\"><img decoding=\"async\" width=\"800\" height=\"533\" src=\"https:\/\/blog.germigarden.com\/wp-content\/uploads\/2023\/01\/manuel-torres-garcia-oiIJbG5L8Lw-unsplash-scaled.jpg\" alt=\"flor de bulbo de calla\" class=\"wp-image-6136\" style=\"aspect-ratio:1.5;width:602px;height:auto\" srcset=\"https:\/\/blog.germigarden.com\/wp-content\/uploads\/2023\/01\/manuel-torres-garcia-oiIJbG5L8Lw-unsplash-scaled.jpg 800w, https:\/\/blog.germigarden.com\/wp-content\/uploads\/2023\/01\/manuel-torres-garcia-oiIJbG5L8Lw-unsplash-480x320.jpg 480w\" sizes=\"(min-width: 0px) and (max-width: 480px) 480px, (min-width: 481px) 800px, 100vw\" \/><\/figure>\n<\/div>\n\n\n<h2 class=\"wp-block-heading\" id=\"texto-ancla7\">Assucena<\/h2>\n\n\n\n<p>A assucena, tamb\u00e9m conhecida como l\u00edrio-branco, \u00e9 uma das flores mais elegantes e simb\u00f3licas do jardim. Produz caules altos e robustos, coroados por grandes flores brancas com um perfume doce e intenso.<\/p>\n\n\n<div class=\"wp-block-image is-style-default\">\n<figure class=\"aligncenter size-full is-resized\"><img decoding=\"async\" width=\"800\" height=\"564\" src=\"https:\/\/blog.germigarden.com\/wp-content\/uploads\/2025\/11\/hermosas-flores-de-lirio-rojo-esparcidas-sobre-un-fondo-de-madera-primer-plano-scaled.jpg\" alt=\"\" class=\"wp-image-8314\" style=\"aspect-ratio:1.4988290398126465;width:821px;height:auto\" srcset=\"https:\/\/blog.germigarden.com\/wp-content\/uploads\/2025\/11\/hermosas-flores-de-lirio-rojo-esparcidas-sobre-un-fondo-de-madera-primer-plano-scaled.jpg 800w, https:\/\/blog.germigarden.com\/wp-content\/uploads\/2025\/11\/hermosas-flores-de-lirio-rojo-esparcidas-sobre-un-fondo-de-madera-primer-plano-480x338.jpg 480w\" sizes=\"(min-width: 0px) and (max-width: 480px) 480px, (min-width: 481px) 800px, 100vw\" \/><\/figure>\n<\/div>\n\n\n<h3 class=\"wp-block-heading\" id=\"texto-ancla8\">An\u00eamonas<\/h3>\n\n\n\n<p>As an\u00eamonas conferem um ar selvagem e rom\u00e2ntico. Podem ser plantadas tanto no solo como em vasos, e florescem numa ampla gama de cores: azul, vermelho, rosa, violeta e branco.<\/p>\n\n\n<div class=\"wp-block-image is-style-default\">\n<figure class=\"aligncenter size-full is-resized\"><img decoding=\"async\" width=\"800\" height=\"533\" src=\"https:\/\/blog.germigarden.com\/wp-content\/uploads\/2025\/11\/primer-plano-de-una-flor-con-estambres-scaled.jpg\" alt=\"\" class=\"wp-image-8318\" style=\"width:488px;height:auto\" srcset=\"https:\/\/blog.germigarden.com\/wp-content\/uploads\/2025\/11\/primer-plano-de-una-flor-con-estambres-scaled.jpg 800w, https:\/\/blog.germigarden.com\/wp-content\/uploads\/2025\/11\/primer-plano-de-una-flor-con-estambres-480x320.jpg 480w\" sizes=\"(min-width: 0px) and (max-width: 480px) 480px, (min-width: 481px) 800px, 100vw\" \/><\/figure>\n<\/div>\n\n\n<h2 class=\"wp-block-heading\" id=\"texto-ancla9\">Crocus<\/h2>\n\n\n\n<p>Os crocus s\u00e3o pequenos, mas muito vistosos. Florescem no final do inverno, frequentemente entre a neve, e enchem o jardim de tons roxo, branco e amarelo. S\u00e3o ideais para relvados ou \u00e1reas naturais.<\/p>\n\n\n<div class=\"wp-block-image is-style-default\">\n<figure class=\"aligncenter size-full is-resized\"><img decoding=\"async\" width=\"800\" height=\"630\" src=\"https:\/\/blog.germigarden.com\/wp-content\/uploads\/2025\/11\/24766-2-scaled.jpg\" alt=\"\" class=\"wp-image-8444\" style=\"width:501px;height:auto\" srcset=\"https:\/\/blog.germigarden.com\/wp-content\/uploads\/2025\/11\/24766-2-scaled.jpg 800w, https:\/\/blog.germigarden.com\/wp-content\/uploads\/2025\/11\/24766-2-480x378.jpg 480w\" sizes=\"(min-width: 0px) and (max-width: 480px) 480px, (min-width: 481px) 800px, 100vw\" \/><\/figure>\n<\/div>\n\n\n<h2 class=\"wp-block-heading\">Allium<\/h2>\n\n\n\n<p>O allium pertence \u00e0 fam\u00edlia das cebolas ornamentais. As suas grandes esferas florais, de cor violeta ou branca, destacam-se pela forma arquitet\u00f3nica e ficam espetaculares quando plantadas em grupos ou como ponto focal no jardim.<\/p>\n\n\n<div class=\"wp-block-image is-style-default\">\n<figure class=\"aligncenter size-full is-resized\"><img decoding=\"async\" width=\"800\" height=\"534\" src=\"https:\/\/blog.germigarden.com\/wp-content\/uploads\/2025\/11\/disparo-de-enfoque-selectivo-de-una-hermosa-flor-de-allium-con-borrosa-1-scaled.jpg\" alt=\"\" class=\"wp-image-8347\" style=\"width:530px;height:auto\" srcset=\"https:\/\/blog.germigarden.com\/wp-content\/uploads\/2025\/11\/disparo-de-enfoque-selectivo-de-una-hermosa-flor-de-allium-con-borrosa-1-scaled.jpg 800w, https:\/\/blog.germigarden.com\/wp-content\/uploads\/2025\/11\/disparo-de-enfoque-selectivo-de-una-hermosa-flor-de-allium-con-borrosa-1-480x320.jpg 480w\" sizes=\"(min-width: 0px) and (max-width: 480px) 480px, (min-width: 481px) 800px, 100vw\" \/><\/figure>\n<\/div>\n\n\n<h2 class=\"wp-block-heading\" id=\"texto-ancla10\">Outros bulbos de outono<\/h2>\n\n\n\n<p>Estes s\u00e3o apenas alguns exemplos adicionais de bulbos de outono para plantar nesta \u00e9poca do ano:<\/p>\n\n\n\n<ul class=\"wp-block-list\">\n<li><strong>Narciso<\/strong><\/li>\n\n\n\n<li><strong>A\u00e7afr\u00e3o<\/strong><\/li>\n\n\n\n<li><strong>Amar\u00edlis<\/strong><\/li>\n\n\n\n<li><strong>Fritil\u00e1ria<\/strong><\/li>\n\n\n\n<li><strong>\u00cdris<\/strong><\/li>\n\n\n\n<li><strong>Ran\u00fanculo<\/strong><\/li>\n<\/ul>\n\n\n\n<figure class=\"wp-block-gallery has-nested-images columns-default is-cropped wp-block-gallery-1 is-layout-flex wp-block-gallery-is-layout-flex\">\n<figure class=\"wp-block-image size-large is-style-default\"><img decoding=\"async\" width=\"800\" height=\"533\" data-id=\"8373\" src=\"https:\/\/blog.germigarden.com\/wp-content\/uploads\/2025\/11\/ramo-de-primavera-de-azafranes-purpuras-aislado-edited-1-scaled.jpg\" alt=\"\" class=\"wp-image-8373\" srcset=\"https:\/\/blog.germigarden.com\/wp-content\/uploads\/2025\/11\/ramo-de-primavera-de-azafranes-purpuras-aislado-edited-1-scaled.jpg 800w, https:\/\/blog.germigarden.com\/wp-content\/uploads\/2025\/11\/ramo-de-primavera-de-azafranes-purpuras-aislado-edited-1-480x320.jpg 480w\" sizes=\"(min-width: 0px) and (max-width: 480px) 480px, (min-width: 481px) 800px, 100vw\" \/><\/figure>\n\n\n\n<figure class=\"wp-block-image size-large is-style-default\"><img decoding=\"async\" width=\"1024\" height=\"683\" data-id=\"8361\" src=\"https:\/\/blog.germigarden.com\/wp-content\/uploads\/2025\/11\/34347-1024x683.jpg\" alt=\"\" class=\"wp-image-8361\" srcset=\"https:\/\/blog.germigarden.com\/wp-content\/uploads\/2025\/11\/34347-1024x683.jpg 1024w, https:\/\/blog.germigarden.com\/wp-content\/uploads\/2025\/11\/34347-480x320.jpg 480w\" sizes=\"(min-width: 0px) and (max-width: 480px) 480px, (min-width: 481px) 1024px, 100vw\" \/><\/figure>\n\n\n\n<figure class=\"wp-block-image size-large is-style-default\"><img decoding=\"async\" width=\"600\" height=\"800\" data-id=\"8377\" src=\"https:\/\/blog.germigarden.com\/wp-content\/uploads\/2025\/11\/arreglo-de-bodegon-de-interior-flor-en-jarron-edited-scaled.jpg\" alt=\"\" class=\"wp-image-8377\" srcset=\"https:\/\/blog.germigarden.com\/wp-content\/uploads\/2025\/11\/arreglo-de-bodegon-de-interior-flor-en-jarron-edited-scaled.jpg 600w, https:\/\/blog.germigarden.com\/wp-content\/uploads\/2025\/11\/arreglo-de-bodegon-de-interior-flor-en-jarron-edited-480x640.jpg 480w\" sizes=\"(min-width: 0px) and (max-width: 480px) 480px, (min-width: 481px) 600px, 100vw\" \/><\/figure>\n<\/figure>\n\n\n\n<p>Ao escolher os seus bulbos, \u00e9 importante considerar o tamanho e a cor que deseja colocar no seu jardim, assim como as condi\u00e7\u00f5es clim\u00e1ticas e o tipo de solo da sua regi\u00e3o. Encontrar\u00e1 mais informa\u00e7\u00f5es sobre<a href=\"https:\/\/blog.germigarden.com\/pt-pt\/jardinagem-pt-pt\/como-plantar-bulbos\/\"> como plantar<\/a> os bulbos no nosso blog. Al\u00e9m disso, se quiser comprar bulbos, pode visitar a nossa <a href=\"https:\/\/www.germigarden.com\/pt\/530-bulbo-de-outono\">loja online<\/a>, onde encontrar\u00e1 uma grande variedade de <a href=\"https:\/\/www.germigarden.com\/pt\/530-bulbo-de-outono\">bulbos de outono<\/a>, plantas da esta\u00e7\u00e3o e <a href=\"https:\/\/www.germigarden.com\/pt\/1428-packs-de-bulbos-de-outono\">packs de bulbos<\/a> com combina\u00e7\u00f5es preparadas pelos nossos jardineiros.<\/p>\n","protected":false},"excerpt":{"rendered":"<p>Os bulbos de outono s\u00e3o uma excelente forma de encher o seu jardim de cor, aroma e alegria quando chega a primavera. S\u00e3o plantados durante os meses mais frescos do ano, entre setembro e dezembro, para que passem o inverno no solo e flores\u00e7am com for\u00e7a quando as temperaturas aumentam. Estes bulbos s\u00e3o f\u00e1ceis de [&hellip;]<\/p>\n","protected":false},"author":2,"featured_media":8300,"comment_status":"open","ping_status":"open","sticky":false,"template":"","format":"standard","meta":{"_et_pb_use_builder":"","_et_pb_old_content":"","_et_gb_content_width":"","footnotes":""},"categories":[45],"tags":[42,504,432,413,505],"class_list":["post-8291","post","type-post","status-publish","format-standard","has-post-thumbnail","hentry","category-jardinagem-pt-pt","tag-bulbos-pt-pt","tag-bulbos-de-outono","tag-outono","tag-planta-de-temporada-pt-pt","tag-tulipa"],"yoast_head":"<!-- This site is optimized with the Yoast SEO plugin v20.5 - https:\/\/yoast.com\/wordpress\/plugins\/seo\/ -->\n<title>Os melhores bulbos de outono - Germigarden | Blog<\/title>\n<meta name=\"description\" content=\"Os melhores bulbos para plantar en outono. Voc\u00ea encontrar\u00e1 as melhores plantas para plantar no seu jardim.\" \/>\n<meta name=\"robots\" content=\"index, follow, max-snippet:-1, max-image-preview:large, max-video-preview:-1\" \/>\n<link rel=\"canonical\" href=\"https:\/\/blog.germigarden.com\/pt-pt\/jardinagem-pt-pt\/os-melhores-bulbos-para-plantar-no-outono\/\" \/>\n<meta property=\"og:locale\" content=\"pt_PT\" \/>\n<meta property=\"og:type\" content=\"article\" \/>\n<meta property=\"og:title\" content=\"Os melhores bulbos de outono - Germigarden | Blog\" \/>\n<meta property=\"og:description\" content=\"Os melhores bulbos para plantar en outono. Voc\u00ea encontrar\u00e1 as melhores plantas para plantar no seu jardim.\" \/>\n<meta property=\"og:url\" content=\"https:\/\/blog.germigarden.com\/pt-pt\/jardinagem-pt-pt\/os-melhores-bulbos-para-plantar-no-outono\/\" \/>\n<meta property=\"og:site_name\" content=\"Germigarden | Blog\" \/>\n<meta property=\"article:publisher\" content=\"https:\/\/www.instagram.com\/germigarden\/?hl=es\" \/>\n<meta property=\"article:published_time\" content=\"2025-11-11T10:39:00+00:00\" \/>\n<meta property=\"article:modified_time\" content=\"2025-11-11T10:46:25+00:00\" \/>\n<meta property=\"og:image\" content=\"https:\/\/blog.germigarden.com\/wp-content\/uploads\/2025\/11\/jardin-floral-brillante-como-un-fondo-colorido-1-scaled.jpg\" \/>\n\t<meta property=\"og:image:width\" content=\"800\" \/>\n\t<meta property=\"og:image:height\" content=\"400\" \/>\n\t<meta property=\"og:image:type\" content=\"image\/jpeg\" \/>\n<meta name=\"author\" content=\"GermiGarden\" \/>\n<meta name=\"twitter:card\" content=\"summary_large_image\" \/>\n<meta name=\"twitter:label1\" content=\"Escrito por\" \/>\n\t<meta name=\"twitter:data1\" content=\"GermiGarden\" \/>\n\t<meta name=\"twitter:label2\" content=\"Tempo estimado de leitura\" \/>\n\t<meta name=\"twitter:data2\" content=\"6 minutos\" \/>\n<script type=\"application\/ld+json\" class=\"yoast-schema-graph\">{\"@context\":\"https:\/\/schema.org\",\"@graph\":[{\"@type\":\"Article\",\"@id\":\"https:\/\/blog.germigarden.com\/pt-pt\/jardinagem-pt-pt\/os-melhores-bulbos-para-plantar-no-outono\/#article\",\"isPartOf\":{\"@id\":\"https:\/\/blog.germigarden.com\/pt-pt\/jardinagem-pt-pt\/os-melhores-bulbos-para-plantar-no-outono\/\"},\"author\":{\"name\":\"GermiGarden\",\"@id\":\"https:\/\/blog.germigarden.com\/pt-pt\/#\/schema\/person\/686f50a524e2347177e6b2cd3e7a827f\"},\"headline\":\"Os melhores bulbos para plantar no outono\",\"datePublished\":\"2025-11-11T10:39:00+00:00\",\"dateModified\":\"2025-11-11T10:46:25+00:00\",\"mainEntityOfPage\":{\"@id\":\"https:\/\/blog.germigarden.com\/pt-pt\/jardinagem-pt-pt\/os-melhores-bulbos-para-plantar-no-outono\/\"},\"wordCount\":713,\"commentCount\":0,\"publisher\":{\"@id\":\"https:\/\/blog.germigarden.com\/pt-pt\/#organization\"},\"keywords\":[\"Bulbos\",\"bulbos de outono\",\"Outono\",\"Planta de temporada\",\"tulipa\"],\"articleSection\":[\"Jardinagem\"],\"inLanguage\":\"pt-PT\",\"potentialAction\":[{\"@type\":\"CommentAction\",\"name\":\"Comment\",\"target\":[\"https:\/\/blog.germigarden.com\/pt-pt\/jardinagem-pt-pt\/os-melhores-bulbos-para-plantar-no-outono\/#respond\"]}]},{\"@type\":\"WebPage\",\"@id\":\"https:\/\/blog.germigarden.com\/pt-pt\/jardinagem-pt-pt\/os-melhores-bulbos-para-plantar-no-outono\/\",\"url\":\"https:\/\/blog.germigarden.com\/pt-pt\/jardinagem-pt-pt\/os-melhores-bulbos-para-plantar-no-outono\/\",\"name\":\"Os melhores bulbos de outono - Germigarden | Blog\",\"isPartOf\":{\"@id\":\"https:\/\/blog.germigarden.com\/pt-pt\/#website\"},\"datePublished\":\"2025-11-11T10:39:00+00:00\",\"dateModified\":\"2025-11-11T10:46:25+00:00\",\"description\":\"Os melhores bulbos para plantar en outono. Voc\u00ea encontrar\u00e1 as melhores plantas para plantar no seu jardim.\",\"breadcrumb\":{\"@id\":\"https:\/\/blog.germigarden.com\/pt-pt\/jardinagem-pt-pt\/os-melhores-bulbos-para-plantar-no-outono\/#breadcrumb\"},\"inLanguage\":\"pt-PT\",\"potentialAction\":[{\"@type\":\"ReadAction\",\"target\":[\"https:\/\/blog.germigarden.com\/pt-pt\/jardinagem-pt-pt\/os-melhores-bulbos-para-plantar-no-outono\/\"]}]},{\"@type\":\"BreadcrumbList\",\"@id\":\"https:\/\/blog.germigarden.com\/pt-pt\/jardinagem-pt-pt\/os-melhores-bulbos-para-plantar-no-outono\/#breadcrumb\",\"itemListElement\":[{\"@type\":\"ListItem\",\"position\":1,\"name\":\"Portada\",\"item\":\"https:\/\/blog.germigarden.com\/pt-pt\/\"},{\"@type\":\"ListItem\",\"position\":2,\"name\":\"Os melhores bulbos para plantar no outono\"}]},{\"@type\":\"WebSite\",\"@id\":\"https:\/\/blog.germigarden.com\/pt-pt\/#website\",\"url\":\"https:\/\/blog.germigarden.com\/pt-pt\/\",\"name\":\"Blog de GermiGarden\",\"description\":\"El blog de tu garden online\",\"publisher\":{\"@id\":\"https:\/\/blog.germigarden.com\/pt-pt\/#organization\"},\"potentialAction\":[{\"@type\":\"SearchAction\",\"target\":{\"@type\":\"EntryPoint\",\"urlTemplate\":\"https:\/\/blog.germigarden.com\/pt-pt\/?s={search_term_string}\"},\"query-input\":\"required name=search_term_string\"}],\"inLanguage\":\"pt-PT\"},{\"@type\":\"Organization\",\"@id\":\"https:\/\/blog.germigarden.com\/pt-pt\/#organization\",\"name\":\"Blog de GermiGarden\",\"url\":\"https:\/\/blog.germigarden.com\/pt-pt\/\",\"logo\":{\"@type\":\"ImageObject\",\"inLanguage\":\"pt-PT\",\"@id\":\"https:\/\/blog.germigarden.com\/pt-pt\/#\/schema\/logo\/image\/\",\"url\":\"https:\/\/blog.germigarden.com\/wp-content\/uploads\/2022\/04\/germigarden.png\",\"contentUrl\":\"https:\/\/blog.germigarden.com\/wp-content\/uploads\/2022\/04\/germigarden.png\",\"width\":252,\"height\":116,\"caption\":\"Blog de GermiGarden\"},\"image\":{\"@id\":\"https:\/\/blog.germigarden.com\/pt-pt\/#\/schema\/logo\/image\/\"},\"sameAs\":[\"https:\/\/www.instagram.com\/germigarden\/?hl=es\",\"https:\/\/www.youtube.com\/channel\/UCZNxfjmIpZZFt1XYLH7vEOQ\"]},{\"@type\":\"Person\",\"@id\":\"https:\/\/blog.germigarden.com\/pt-pt\/#\/schema\/person\/686f50a524e2347177e6b2cd3e7a827f\",\"name\":\"GermiGarden\",\"image\":{\"@type\":\"ImageObject\",\"inLanguage\":\"pt-PT\",\"@id\":\"https:\/\/blog.germigarden.com\/pt-pt\/#\/schema\/person\/image\/\",\"url\":\"https:\/\/secure.gravatar.com\/avatar\/a626aaa87d3e70ba460907a2ed89f656431172f7f0219bb6ba18a8866fdfa5a3?s=96&d=mm&r=g\",\"contentUrl\":\"https:\/\/secure.gravatar.com\/avatar\/a626aaa87d3e70ba460907a2ed89f656431172f7f0219bb6ba18a8866fdfa5a3?s=96&d=mm&r=g\",\"caption\":\"GermiGarden\"},\"sameAs\":[\"https:\/\/blog.germigarden.com\/\"]}]}<\/script>\n<!-- \/ Yoast SEO plugin. -->","yoast_head_json":{"title":"Os melhores bulbos de outono - Germigarden | Blog","description":"Os melhores bulbos para plantar en outono. Voc\u00ea encontrar\u00e1 as melhores plantas para plantar no seu jardim.","robots":{"index":"index","follow":"follow","max-snippet":"max-snippet:-1","max-image-preview":"max-image-preview:large","max-video-preview":"max-video-preview:-1"},"canonical":"https:\/\/blog.germigarden.com\/pt-pt\/jardinagem-pt-pt\/os-melhores-bulbos-para-plantar-no-outono\/","og_locale":"pt_PT","og_type":"article","og_title":"Os melhores bulbos de outono - Germigarden | Blog","og_description":"Os melhores bulbos para plantar en outono. Voc\u00ea encontrar\u00e1 as melhores plantas para plantar no seu jardim.","og_url":"https:\/\/blog.germigarden.com\/pt-pt\/jardinagem-pt-pt\/os-melhores-bulbos-para-plantar-no-outono\/","og_site_name":"Germigarden | Blog","article_publisher":"https:\/\/www.instagram.com\/germigarden\/?hl=es","article_published_time":"2025-11-11T10:39:00+00:00","article_modified_time":"2025-11-11T10:46:25+00:00","og_image":[{"width":800,"height":400,"url":"https:\/\/blog.germigarden.com\/wp-content\/uploads\/2025\/11\/jardin-floral-brillante-como-un-fondo-colorido-1-scaled.jpg","type":"image\/jpeg"}],"author":"GermiGarden","twitter_card":"summary_large_image","twitter_misc":{"Escrito por":"GermiGarden","Tempo estimado de leitura":"6 minutos"},"schema":{"@context":"https:\/\/schema.org","@graph":[{"@type":"Article","@id":"https:\/\/blog.germigarden.com\/pt-pt\/jardinagem-pt-pt\/os-melhores-bulbos-para-plantar-no-outono\/#article","isPartOf":{"@id":"https:\/\/blog.germigarden.com\/pt-pt\/jardinagem-pt-pt\/os-melhores-bulbos-para-plantar-no-outono\/"},"author":{"name":"GermiGarden","@id":"https:\/\/blog.germigarden.com\/pt-pt\/#\/schema\/person\/686f50a524e2347177e6b2cd3e7a827f"},"headline":"Os melhores bulbos para plantar no outono","datePublished":"2025-11-11T10:39:00+00:00","dateModified":"2025-11-11T10:46:25+00:00","mainEntityOfPage":{"@id":"https:\/\/blog.germigarden.com\/pt-pt\/jardinagem-pt-pt\/os-melhores-bulbos-para-plantar-no-outono\/"},"wordCount":713,"commentCount":0,"publisher":{"@id":"https:\/\/blog.germigarden.com\/pt-pt\/#organization"},"keywords":["Bulbos","bulbos de outono","Outono","Planta de temporada","tulipa"],"articleSection":["Jardinagem"],"inLanguage":"pt-PT","potentialAction":[{"@type":"CommentAction","name":"Comment","target":["https:\/\/blog.germigarden.com\/pt-pt\/jardinagem-pt-pt\/os-melhores-bulbos-para-plantar-no-outono\/#respond"]}]},{"@type":"WebPage","@id":"https:\/\/blog.germigarden.com\/pt-pt\/jardinagem-pt-pt\/os-melhores-bulbos-para-plantar-no-outono\/","url":"https:\/\/blog.germigarden.com\/pt-pt\/jardinagem-pt-pt\/os-melhores-bulbos-para-plantar-no-outono\/","name":"Os melhores bulbos de outono - Germigarden | Blog","isPartOf":{"@id":"https:\/\/blog.germigarden.com\/pt-pt\/#website"},"datePublished":"2025-11-11T10:39:00+00:00","dateModified":"2025-11-11T10:46:25+00:00","description":"Os melhores bulbos para plantar en outono. Voc\u00ea encontrar\u00e1 as melhores plantas para plantar no seu jardim.","breadcrumb":{"@id":"https:\/\/blog.germigarden.com\/pt-pt\/jardinagem-pt-pt\/os-melhores-bulbos-para-plantar-no-outono\/#breadcrumb"},"inLanguage":"pt-PT","potentialAction":[{"@type":"ReadAction","target":["https:\/\/blog.germigarden.com\/pt-pt\/jardinagem-pt-pt\/os-melhores-bulbos-para-plantar-no-outono\/"]}]},{"@type":"BreadcrumbList","@id":"https:\/\/blog.germigarden.com\/pt-pt\/jardinagem-pt-pt\/os-melhores-bulbos-para-plantar-no-outono\/#breadcrumb","itemListElement":[{"@type":"ListItem","position":1,"name":"Portada","item":"https:\/\/blog.germigarden.com\/pt-pt\/"},{"@type":"ListItem","position":2,"name":"Os melhores bulbos para plantar no outono"}]},{"@type":"WebSite","@id":"https:\/\/blog.germigarden.com\/pt-pt\/#website","url":"https:\/\/blog.germigarden.com\/pt-pt\/","name":"Blog de GermiGarden","description":"El blog de tu garden online","publisher":{"@id":"https:\/\/blog.germigarden.com\/pt-pt\/#organization"},"potentialAction":[{"@type":"SearchAction","target":{"@type":"EntryPoint","urlTemplate":"https:\/\/blog.germigarden.com\/pt-pt\/?s={search_term_string}"},"query-input":"required name=search_term_string"}],"inLanguage":"pt-PT"},{"@type":"Organization","@id":"https:\/\/blog.germigarden.com\/pt-pt\/#organization","name":"Blog de GermiGarden","url":"https:\/\/blog.germigarden.com\/pt-pt\/","logo":{"@type":"ImageObject","inLanguage":"pt-PT","@id":"https:\/\/blog.germigarden.com\/pt-pt\/#\/schema\/logo\/image\/","url":"https:\/\/blog.germigarden.com\/wp-content\/uploads\/2022\/04\/germigarden.png","contentUrl":"https:\/\/blog.germigarden.com\/wp-content\/uploads\/2022\/04\/germigarden.png","width":252,"height":116,"caption":"Blog de GermiGarden"},"image":{"@id":"https:\/\/blog.germigarden.com\/pt-pt\/#\/schema\/logo\/image\/"},"sameAs":["https:\/\/www.instagram.com\/germigarden\/?hl=es","https:\/\/www.youtube.com\/channel\/UCZNxfjmIpZZFt1XYLH7vEOQ"]},{"@type":"Person","@id":"https:\/\/blog.germigarden.com\/pt-pt\/#\/schema\/person\/686f50a524e2347177e6b2cd3e7a827f","name":"GermiGarden","image":{"@type":"ImageObject","inLanguage":"pt-PT","@id":"https:\/\/blog.germigarden.com\/pt-pt\/#\/schema\/person\/image\/","url":"https:\/\/secure.gravatar.com\/avatar\/a626aaa87d3e70ba460907a2ed89f656431172f7f0219bb6ba18a8866fdfa5a3?s=96&d=mm&r=g","contentUrl":"https:\/\/secure.gravatar.com\/avatar\/a626aaa87d3e70ba460907a2ed89f656431172f7f0219bb6ba18a8866fdfa5a3?s=96&d=mm&r=g","caption":"GermiGarden"},"sameAs":["https:\/\/blog.germigarden.com\/"]}]}},"_links":{"self":[{"href":"https:\/\/blog.germigarden.com\/pt-pt\/wp-json\/wp\/v2\/posts\/8291","targetHints":{"allow":["GET"]}}],"collection":[{"href":"https:\/\/blog.germigarden.com\/pt-pt\/wp-json\/wp\/v2\/posts"}],"about":[{"href":"https:\/\/blog.germigarden.com\/pt-pt\/wp-json\/wp\/v2\/types\/post"}],"author":[{"embeddable":true,"href":"https:\/\/blog.germigarden.com\/pt-pt\/wp-json\/wp\/v2\/users\/2"}],"replies":[{"embeddable":true,"href":"https:\/\/blog.germigarden.com\/pt-pt\/wp-json\/wp\/v2\/comments?post=8291"}],"version-history":[{"count":4,"href":"https:\/\/blog.germigarden.com\/pt-pt\/wp-json\/wp\/v2\/posts\/8291\/revisions"}],"predecessor-version":[{"id":8451,"href":"https:\/\/blog.germigarden.com\/pt-pt\/wp-json\/wp\/v2\/posts\/8291\/revisions\/8451"}],"wp:featuredmedia":[{"embeddable":true,"href":"https:\/\/blog.germigarden.com\/pt-pt\/wp-json\/wp\/v2\/media\/8300"}],"wp:attachment":[{"href":"https:\/\/blog.germigarden.com\/pt-pt\/wp-json\/wp\/v2\/media?parent=8291"}],"wp:term":[{"taxonomy":"category","embeddable":true,"href":"https:\/\/blog.germigarden.com\/pt-pt\/wp-json\/wp\/v2\/categories?post=8291"},{"taxonomy":"post_tag","embeddable":true,"href":"https:\/\/blog.germigarden.com\/pt-pt\/wp-json\/wp\/v2\/tags?post=8291"}],"curies":[{"name":"wp","href":"https:\/\/api.w.org\/{rel}","templated":true}]}}